{"id":126023,"date":"2020-07-16T12:42:12","date_gmt":"2020-07-16T16:42:12","guid":{"rendered":"https:\/\/www.prwrestling.com\/nw\/?p=126023"},"modified":"2023-08-25T07:24:28","modified_gmt":"2023-08-25T11:24:28","slug":"video-bray-wyatt-visita-al-psiquiatra","status":"publish","type":"post","link":"https:\/\/www.prwrestling.com\/nw\/video-bray-wyatt-visita-al-psiquiatra\/","title":{"rendered":"Video: Bray Wyatt visita al psiquiatra"},"content":{"rendered":"<p>La Dra. Bonnetta del desaparecido programa WWE Backstage regres\u00f3 a las redes sociales de WWE On FOX en donde lanzaron un episodio in\u00e9dito de sus citas psiqui\u00e1tricas. <!--more--><div id=\"ad-slot\" style=\"min-width: 300px; min-height: 250px;\">\r\n<p style=\"text-align: center;\">\r\n<script async src=\"https:\/\/pagead2.googlesyndication.com\/pagead\/js\/adsbygoogle.js\"><\/script>\r\n<!-- 300x250 sc a -->\r\n<ins class=\"adsbygoogle\"\r\n     style=\"display:inline-block;width:300px;height:250px\"\r\n     data-ad-client=\"ca-pub-1244235910658811\"\r\n     data-ad-slot=\"8592682546\"><\/ins>\r\n<script>\r\n     (adsbygoogle = window.adsbygoogle || []).push({});\r\n<\/script><\/center>\r\n<\/p><\/div><br \/>\nEsta vez, el Demonio de Bray Wyatt estaba en su sof\u00e1 y hab\u00eda mucho que desempaquetar en su cabeza.<\/p>\n<p>Puedes ver el video a continuaci\u00f3n:<\/p>\n<blockquote class=\"twitter-tweet\">\n<p lang=\"en\" dir=\"ltr\">&#x1f631;&#x1f631;&#x1f631; &quot;I was expecting <a href=\"https:\/\/twitter.com\/WWEBrayWyatt?ref_src=twsrc%5Etfw\" target=\"_blank\" rel=\"noopener\">@WWEBrayWyatt<\/a>.&quot;<\/p>\n<p>Dr. <a href=\"https:\/\/twitter.com\/rachelbonnetta?ref_src=twsrc%5Etfw\" target=\"_blank\" rel=\"noopener\">@rachelbonnetta<\/a> meets &#39;The Fiend&#39;. <a href=\"https:\/\/t.co\/A8xO9LF9nv\">pic.twitter.com\/A8xO9LF9nv<\/a><\/p>\n<p>&mdash; WWE on FOX (@WWEonFOX) <a href=\"https:\/\/twitter.com\/WWEonFOX\/status\/1283589671788765184?ref_src=twsrc%5Etfw\" target=\"_blank\" rel=\"noopener\">July 16, 2020<\/a><\/p><\/blockquote>\n<p> <script async src=\"https:\/\/platform.twitter.com\/widgets.js\" charset=\"utf-8\"><\/script><\/p>\n","protected":false},"excerpt":{"rendered":"<p>La Dra. Bonnetta del desaparecido programa WWE Backstage regres\u00f3 a las redes sociales de WWE On FOX en donde lanzaron un episodio in\u00e9dito de sus citas psiqui\u00e1tricas.<\/p>\n","protected":false},"author":1,"featured_media":126024,"comment_status":"open","ping_status":"closed","sticky":false,"template":"","format":"standard","meta":{"footnotes":""},"categories":[5,38],"tags":[1360,7498,9],"class_list":{"0":"post-126023","1":"post","2":"type-post","3":"status-publish","4":"format-standard","5":"has-post-thumbnail","7":"category-noticias","8":"category-noticias-y-rumores-de-la-wwe","9":"tag-bray-wyatt","10":"tag-bray-wyatt-windham-rotunda","11":"tag-wwe"},"_links":{"self":[{"href":"https:\/\/www.prwrestling.com\/nw\/wp-json\/wp\/v2\/posts\/126023","targetHints":{"allow":["GET"]}}],"collection":[{"href":"https:\/\/www.prwrestling.com\/nw\/wp-json\/wp\/v2\/posts"}],"about":[{"href":"https:\/\/www.prwrestling.com\/nw\/wp-json\/wp\/v2\/types\/post"}],"author":[{"embeddable":true,"href":"https:\/\/www.prwrestling.com\/nw\/wp-json\/wp\/v2\/users\/1"}],"replies":[{"embeddable":true,"href":"https:\/\/www.prwrestling.com\/nw\/wp-json\/wp\/v2\/comments?post=126023"}],"version-history":[{"count":1,"href":"https:\/\/www.prwrestling.com\/nw\/wp-json\/wp\/v2\/posts\/126023\/revisions"}],"predecessor-version":[{"id":219611,"href":"https:\/\/www.prwrestling.com\/nw\/wp-json\/wp\/v2\/posts\/126023\/revisions\/219611"}],"wp:featuredmedia":[{"embeddable":true,"href":"https:\/\/www.prwrestling.com\/nw\/wp-json\/wp\/v2\/media\/126024"}],"wp:attachment":[{"href":"https:\/\/www.prwrestling.com\/nw\/wp-json\/wp\/v2\/media?parent=126023"}],"wp:term":[{"taxonomy":"category","embeddable":true,"href":"https:\/\/www.prwrestling.com\/nw\/wp-json\/wp\/v2\/categories?post=126023"},{"taxonomy":"post_tag","embeddable":true,"href":"https:\/\/www.prwrestling.com\/nw\/wp-json\/wp\/v2\/tags?post=126023"}],"curies":[{"name":"wp","href":"https:\/\/api.w.org\/{rel}","templated":true}]}}