{"id":126040,"date":"2020-07-17T16:34:18","date_gmt":"2020-07-17T20:34:18","guid":{"rendered":"https:\/\/www.prwrestling.com\/nw\/?p=126040"},"modified":"2020-07-17T16:34:18","modified_gmt":"2020-07-17T20:34:18","slug":"mvp-habla-sobre-su-deseo-de-crear-una-faccion-de-luchadores","status":"publish","type":"post","link":"https:\/\/www.prwrestling.com\/nw\/mvp-habla-sobre-su-deseo-de-crear-una-faccion-de-luchadores\/","title":{"rendered":"MVP habla sobre su deseo de crear una facci\u00f3n de luchadores"},"content":{"rendered":"<p><a href=\"https:\/\/www.prwrestling.com\/nw\/mvp-busca-moverse-a-un-rol-tras-bastidores\/\">MVP<\/a> habl\u00f3 con Alex McCarthy de <a href=\"http:\/\/talksport.com\" target=\"_blank\" rel=\"noopener\">talkSPORT<\/a> sobre el potencial de \u00e9l liderando un nuevo grupo de luchadores en Raw.<!--more--><div id=\"ad-slot\" style=\"min-width: 300px; min-height: 250px;\">\r\n<p style=\"text-align: center;\">\r\n<script async src=\"https:\/\/pagead2.googlesyndication.com\/pagead\/js\/adsbygoogle.js\"><\/script>\r\n<!-- 300x250 sc a -->\r\n<ins class=\"adsbygoogle\"\r\n     style=\"display:inline-block;width:300px;height:250px\"\r\n     data-ad-client=\"ca-pub-1244235910658811\"\r\n     data-ad-slot=\"8592682546\"><\/ins>\r\n<script>\r\n     (adsbygoogle = window.adsbygoogle || []).push({});\r\n<\/script><\/center>\r\n<\/p><\/div><br \/>\nComenzando con <a href=\"https:\/\/www.prwrestling.com\/nw\/lashley-lamenta-no-haber-tenido-un-final-adecuado-con-rusev\/\">Bobby Lashley<\/a>, MVP ha estado lanzando ofertas a varios luchadores diferentes mientras busca llevar a las superestrellas de la WWE al siguiente nivel. Si bien solo Lashley parece estar trabajando directamente con \u00e9l en este momento, un \u201cestablo\u201d liderado por MVP es algo a lo que los fan\u00e1ticos han estado atentos.<\/p>\n<p>&#8220;Absolutamente&#8221;, dijo MVP sobre querer crear una facci\u00f3n en la WWE. &#8220;Es algo que he estado discutiendo y veamos c\u00f3mo van las cosas &#8230; \u00a1digamos que hay un m\u00e9todo para mi locura! Creo que todos estar\u00e1n gratamente sorprendidos si puedo lograr esto &#8230; \u00a1s\u00f3lo m\u00edrenme trabajar! Lo dejar\u00e9 ah\u00ed &#8211; m\u00edrame trabajar,&#8221; expres\u00f3.<\/p>\n<p>\u00bfQu\u00e9 otro luchador te gustar\u00eda ver unirse a MVP y Lashley? Opina abajo!<\/p>\n","protected":false},"excerpt":{"rendered":"<p>MVP habl\u00f3 con Alex McCarthy de talkSPORT sobre el potencial de \u00e9l liderando un nuevo grupo de luchadores en Raw.<\/p>\n","protected":false},"author":1,"featured_media":126041,"comment_status":"open","ping_status":"closed","sticky":false,"template":"","format":"standard","meta":{"footnotes":""},"categories":[5,38],"tags":[1459,9],"class_list":{"0":"post-126040","1":"post","2":"type-post","3":"status-publish","4":"format-standard","5":"has-post-thumbnail","7":"category-noticias","8":"category-noticias-y-rumores-de-la-wwe","9":"tag-mvp","10":"tag-wwe"},"_links":{"self":[{"href":"https:\/\/www.prwrestling.com\/nw\/wp-json\/wp\/v2\/posts\/126040","targetHints":{"allow":["GET"]}}],"collection":[{"href":"https:\/\/www.prwrestling.com\/nw\/wp-json\/wp\/v2\/posts"}],"about":[{"href":"https:\/\/www.prwrestling.com\/nw\/wp-json\/wp\/v2\/types\/post"}],"author":[{"embeddable":true,"href":"https:\/\/www.prwrestling.com\/nw\/wp-json\/wp\/v2\/users\/1"}],"replies":[{"embeddable":true,"href":"https:\/\/www.prwrestling.com\/nw\/wp-json\/wp\/v2\/comments?post=126040"}],"version-history":[{"count":0,"href":"https:\/\/www.prwrestling.com\/nw\/wp-json\/wp\/v2\/posts\/126040\/revisions"}],"wp:featuredmedia":[{"embeddable":true,"href":"https:\/\/www.prwrestling.com\/nw\/wp-json\/wp\/v2\/media\/126041"}],"wp:attachment":[{"href":"https:\/\/www.prwrestling.com\/nw\/wp-json\/wp\/v2\/media?parent=126040"}],"wp:term":[{"taxonomy":"category","embeddable":true,"href":"https:\/\/www.prwrestling.com\/nw\/wp-json\/wp\/v2\/categories?post=126040"},{"taxonomy":"post_tag","embeddable":true,"href":"https:\/\/www.prwrestling.com\/nw\/wp-json\/wp\/v2\/tags?post=126040"}],"curies":[{"name":"wp","href":"https:\/\/api.w.org\/{rel}","templated":true}]}}