{"id":126061,"date":"2020-07-18T15:19:40","date_gmt":"2020-07-18T19:19:40","guid":{"rendered":"https:\/\/www.prwrestling.com\/nw\/?p=126061"},"modified":"2020-07-18T15:19:40","modified_gmt":"2020-07-18T19:19:40","slug":"matt-cardona-presenta-el-nuevo-campeonato-de-internet","status":"publish","type":"post","link":"https:\/\/www.prwrestling.com\/nw\/matt-cardona-presenta-el-nuevo-campeonato-de-internet\/","title":{"rendered":"Matt Cardona presenta el nuevo campeonato de Internet"},"content":{"rendered":"<p>Zack Ryder (Matt Cardona) fue el campe\u00f3n de Internet, pero WWE no le permiti\u00f3 usar ese t\u00edtulo en la televisi\u00f3n. <!--more--><div id=\"ad-slot\" style=\"min-width: 300px; min-height: 250px;\">\r\n<p style=\"text-align: center;\">\r\n<script async src=\"https:\/\/pagead2.googlesyndication.com\/pagead\/js\/adsbygoogle.js\"><\/script>\r\n<!-- 300x250 sc a -->\r\n<ins class=\"adsbygoogle\"\r\n     style=\"display:inline-block;width:300px;height:250px\"\r\n     data-ad-client=\"ca-pub-1244235910658811\"\r\n     data-ad-slot=\"8592682546\"><\/ins>\r\n<script>\r\n     (adsbygoogle = window.adsbygoogle || []).push({});\r\n<\/script><\/center>\r\n<\/p><\/div><br \/>\nAhora, Cardona est\u00e1 listo para llevar un nuevo t\u00edtulo personalizado con \u00e9l a donde quiera que se dirija.<\/p>\n<p>El ex Hype Bro tuite\u00f3 una foto con el nuevo Campeonato de Internet junto con su amigo que ten\u00eda la versi\u00f3n anterior, cual deja atr\u00e1s el nombre y aspecto de Ryder.<\/p>\n<p>Las im\u00e1genes a continuaci\u00f3n:<br \/>\n<div id=\"ad-slot\" style=\"min-width: 300px; min-height: 250px;\"><p style=\"text-align: center;\">\r\n<script async src=\"https:\/\/pagead2.googlesyndication.com\/pagead\/js\/adsbygoogle.js\"><\/script>\r\n<!-- Responsive sc c -->\r\n<ins class=\"adsbygoogle\"\r\n     style=\"display:block\"\r\n     data-ad-client=\"ca-pub-1244235910658811\"\r\n     data-ad-slot=\"4234005358\"\r\n     data-ad-format=\"auto\"\r\n     data-full-width-responsive=\"true\"><\/ins>\r\n<script>\r\n     (adsbygoogle = window.adsbygoogle || []).push({});\r\n<\/script><\/p><\/div><\/p>\n<blockquote class=\"twitter-tweet\">\n<p lang=\"en\" dir=\"ltr\">You already know! <a href=\"https:\/\/t.co\/ho7OhOGEo7\">pic.twitter.com\/ho7OhOGEo7<\/a><\/p>\n<p>&mdash; The Major Wrestling Figure Podcast (@MajorWFPod) <a href=\"https:\/\/twitter.com\/MajorWFPod\/status\/1284546241599242241?ref_src=twsrc%5Etfw\" target=\"_blank\" rel=\"noopener\">July 18, 2020<\/a><\/p><\/blockquote>\n<p> <script async src=\"https:\/\/platform.twitter.com\/widgets.js\" charset=\"utf-8\"><\/script><\/p>\n<blockquote class=\"twitter-tweet\">\n<p lang=\"en\" dir=\"ltr\">Thanks <a href=\"https:\/\/twitter.com\/TTDWrestling?ref_src=twsrc%5Etfw\" target=\"_blank\" rel=\"noopener\">@ttdwrestling<\/a> for my new logos and to <a href=\"https:\/\/twitter.com\/wildcatbelts?ref_src=twsrc%5Etfw\" target=\"_blank\" rel=\"noopener\">@wildcatbelts<\/a> for creating the NEW INTERNET TITLE! <a href=\"https:\/\/twitter.com\/hashtag\/AlwayzReady?src=hash&amp;ref_src=twsrc%5Etfw\" target=\"_blank\" rel=\"noopener\">#AlwayzReady<\/a> <a href=\"https:\/\/t.co\/eeNVOSyCaw\">pic.twitter.com\/eeNVOSyCaw<\/a><\/p>\n<p>&mdash; Matt Cardona (@TheMattCardona) <a href=\"https:\/\/twitter.com\/TheMattCardona\/status\/1284544922184568832?ref_src=twsrc%5Etfw\" target=\"_blank\" rel=\"noopener\">July 18, 2020<\/a><\/p><\/blockquote>\n<p> <script async src=\"https:\/\/platform.twitter.com\/widgets.js\" charset=\"utf-8\"><\/script><\/p>\n","protected":false},"excerpt":{"rendered":"<p>Zack Ryder (Matt Cardona) fue el campe\u00f3n de Internet, pero WWE no le permiti\u00f3 usar ese t\u00edtulo en la televisi\u00f3n.<\/p>\n","protected":false},"author":1,"featured_media":126062,"comment_status":"open","ping_status":"closed","sticky":false,"template":"","format":"standard","meta":{"footnotes":""},"categories":[5],"tags":[5164],"class_list":{"0":"post-126061","1":"post","2":"type-post","3":"status-publish","4":"format-standard","5":"has-post-thumbnail","7":"category-noticias","8":"tag-matt-cardona"},"_links":{"self":[{"href":"https:\/\/www.prwrestling.com\/nw\/wp-json\/wp\/v2\/posts\/126061","targetHints":{"allow":["GET"]}}],"collection":[{"href":"https:\/\/www.prwrestling.com\/nw\/wp-json\/wp\/v2\/posts"}],"about":[{"href":"https:\/\/www.prwrestling.com\/nw\/wp-json\/wp\/v2\/types\/post"}],"author":[{"embeddable":true,"href":"https:\/\/www.prwrestling.com\/nw\/wp-json\/wp\/v2\/users\/1"}],"replies":[{"embeddable":true,"href":"https:\/\/www.prwrestling.com\/nw\/wp-json\/wp\/v2\/comments?post=126061"}],"version-history":[{"count":1,"href":"https:\/\/www.prwrestling.com\/nw\/wp-json\/wp\/v2\/posts\/126061\/revisions"}],"predecessor-version":[{"id":126063,"href":"https:\/\/www.prwrestling.com\/nw\/wp-json\/wp\/v2\/posts\/126061\/revisions\/126063"}],"wp:featuredmedia":[{"embeddable":true,"href":"https:\/\/www.prwrestling.com\/nw\/wp-json\/wp\/v2\/media\/126062"}],"wp:attachment":[{"href":"https:\/\/www.prwrestling.com\/nw\/wp-json\/wp\/v2\/media?parent=126061"}],"wp:term":[{"taxonomy":"category","embeddable":true,"href":"https:\/\/www.prwrestling.com\/nw\/wp-json\/wp\/v2\/categories?post=126061"},{"taxonomy":"post_tag","embeddable":true,"href":"https:\/\/www.prwrestling.com\/nw\/wp-json\/wp\/v2\/tags?post=126061"}],"curies":[{"name":"wp","href":"https:\/\/api.w.org\/{rel}","templated":true}]}}