{"id":126093,"date":"2020-07-19T17:29:51","date_gmt":"2020-07-19T21:29:51","guid":{"rendered":"https:\/\/www.prwrestling.com\/nw\/?p=126093"},"modified":"2020-07-19T17:29:51","modified_gmt":"2020-07-19T21:29:51","slug":"ec3-no-tengo-hogar-no-estoy-de-regreso","status":"publish","type":"post","link":"https:\/\/www.prwrestling.com\/nw\/ec3-no-tengo-hogar-no-estoy-de-regreso\/","title":{"rendered":"EC3: &#8220;No tengo hogar. No estoy de regreso&#8221;"},"content":{"rendered":"<p>Cuando Slammiversary de Impact Wrestling anoche lleg\u00f3 a su fin, se mostr\u00f3 un video promocionando el regreso de EC3.<!--more--><div id=\"ad-slot\" style=\"min-width: 300px; min-height: 250px;\">\r\n<p style=\"text-align: center;\">\r\n<script async src=\"https:\/\/pagead2.googlesyndication.com\/pagead\/js\/adsbygoogle.js\"><\/script>\r\n<!-- 300x250 sc a -->\r\n<ins class=\"adsbygoogle\"\r\n     style=\"display:inline-block;width:300px;height:250px\"\r\n     data-ad-client=\"ca-pub-1244235910658811\"\r\n     data-ad-slot=\"8592682546\"><\/ins>\r\n<script>\r\n     (adsbygoogle = window.adsbygoogle || []).push({});\r\n<\/script><\/center>\r\n<\/p><\/div><br \/>\nDejado libre por WWE en abril, el luchador trabaj\u00f3 anteriormente en TNA \/ Impact desde 2013 hasta 2018. Durante su carrera, EC3 gan\u00f3 el Campeonato Mundial de Peso Pesado de TNA en dos ocasiones.<\/p>\n<p>Si bien parece que ha regresado a Impact, EC3 se\u00f1al\u00f3 hoy en las redes sociales que ese no necesariamente es el caso.<\/p>\n<p>&#8220;No tengo hogar. No estoy \u2018de regreso\u2019. No estoy aqu\u00ed por &#8216;amigos&#8217; o &#8216;familia&#8217;. En realidad, quien soy, nunca ha estado aqu\u00ed. &#8216;Nostalgia&#8217; y &#8216;comodidad&#8217; no me interesan. Esto no es lo que crees que es. Esto es m\u00e1s. #ControlYourNarrative # FreeEC3 &#8221;<br \/>\n<div id=\"ad-slot\" style=\"min-width: 300px; min-height: 250px;\"><p style=\"text-align: center;\">\r\n<script async src=\"https:\/\/pagead2.googlesyndication.com\/pagead\/js\/adsbygoogle.js\"><\/script>\r\n<!-- Responsive sc c -->\r\n<ins class=\"adsbygoogle\"\r\n     style=\"display:block\"\r\n     data-ad-client=\"ca-pub-1244235910658811\"\r\n     data-ad-slot=\"4234005358\"\r\n     data-ad-format=\"auto\"\r\n     data-full-width-responsive=\"true\"><\/ins>\r\n<script>\r\n     (adsbygoogle = window.adsbygoogle || []).push({});\r\n<\/script><\/p><\/div><br \/>\nPor lo que parece, tal vez EC3 est\u00e9 planeando aparecer en m\u00e1s de una promoci\u00f3n en las pr\u00f3ximas semanas.<\/p>\n<blockquote class=\"twitter-tweet\">\n<p dir=\"ltr\" lang=\"en\">I have no home<\/p>\n<p>I\u2019m not \u201cback\u201d<\/p>\n<p>I\u2019m not here for \u201cfriends\u201d or \u201cfamily\u201d<\/p>\n<p>\u2063\u2063In reality, who I am, has never been here<\/p>\n<p>\u2063\u2063\u201cNostalgia\u201d and \u201ccomfort\u201d do not interest me<\/p>\n<p>This isn\u2019t what you think this is<\/p>\n<p>This is more<a href=\"https:\/\/twitter.com\/hashtag\/ControlYourNarrative?src=hash&amp;ref_src=twsrc%5Etfw\" target=\"_blank\" rel=\"noopener\">#ControlYourNarrative<\/a><a href=\"https:\/\/twitter.com\/hashtag\/FreeEC3?src=hash&amp;ref_src=twsrc%5Etfw\" target=\"_blank\" rel=\"noopener\">#FreeEC3<\/a><a href=\"https:\/\/twitter.com\/IMPACTWRESTLING?ref_src=twsrc%5Etfw\" target=\"_blank\" rel=\"noopener\">@IMPACTWRESTLING<\/a> <a href=\"https:\/\/t.co\/7WHkQxYI46\">pic.twitter.com\/7WHkQxYI46<\/a><\/p>\n<p>\u2014 I|I essential character I|I (@therealec3) <a href=\"https:\/\/twitter.com\/therealec3\/status\/1284873080431665159?ref_src=twsrc%5Etfw\" target=\"_blank\" rel=\"noopener\">July 19, 2020<\/a><\/p><\/blockquote>\n<p><script async src=\"https:\/\/platform.twitter.com\/widgets.js\" charset=\"utf-8\"><\/script><\/p>\n","protected":false},"excerpt":{"rendered":"<p>Cuando Slammiversary de Impact Wrestling anoche lleg\u00f3 a su fin, se mostr\u00f3 un video promocionando el regreso de EC3.<\/p>\n","protected":false},"author":1,"featured_media":126094,"comment_status":"open","ping_status":"closed","sticky":false,"template":"","format":"standard","meta":{"footnotes":""},"categories":[5],"tags":[2551,1524],"class_list":{"0":"post-126093","1":"post","2":"type-post","3":"status-publish","4":"format-standard","5":"has-post-thumbnail","7":"category-noticias","8":"tag-ec3","9":"tag-impact-wrestling"},"_links":{"self":[{"href":"https:\/\/www.prwrestling.com\/nw\/wp-json\/wp\/v2\/posts\/126093","targetHints":{"allow":["GET"]}}],"collection":[{"href":"https:\/\/www.prwrestling.com\/nw\/wp-json\/wp\/v2\/posts"}],"about":[{"href":"https:\/\/www.prwrestling.com\/nw\/wp-json\/wp\/v2\/types\/post"}],"author":[{"embeddable":true,"href":"https:\/\/www.prwrestling.com\/nw\/wp-json\/wp\/v2\/users\/1"}],"replies":[{"embeddable":true,"href":"https:\/\/www.prwrestling.com\/nw\/wp-json\/wp\/v2\/comments?post=126093"}],"version-history":[{"count":0,"href":"https:\/\/www.prwrestling.com\/nw\/wp-json\/wp\/v2\/posts\/126093\/revisions"}],"wp:featuredmedia":[{"embeddable":true,"href":"https:\/\/www.prwrestling.com\/nw\/wp-json\/wp\/v2\/media\/126094"}],"wp:attachment":[{"href":"https:\/\/www.prwrestling.com\/nw\/wp-json\/wp\/v2\/media?parent=126093"}],"wp:term":[{"taxonomy":"category","embeddable":true,"href":"https:\/\/www.prwrestling.com\/nw\/wp-json\/wp\/v2\/categories?post=126093"},{"taxonomy":"post_tag","embeddable":true,"href":"https:\/\/www.prwrestling.com\/nw\/wp-json\/wp\/v2\/tags?post=126093"}],"curies":[{"name":"wp","href":"https:\/\/api.w.org\/{rel}","templated":true}]}}