{"id":126167,"date":"2020-07-23T22:08:34","date_gmt":"2020-07-24T02:08:34","guid":{"rendered":"https:\/\/www.prwrestling.com\/nw\/?p=126167"},"modified":"2020-07-23T22:08:34","modified_gmt":"2020-07-24T02:08:34","slug":"rollins-dice-que-estamos-en-la-era-de-oro-en-la-lucha-libre","status":"publish","type":"post","link":"https:\/\/www.prwrestling.com\/nw\/rollins-dice-que-estamos-en-la-era-de-oro-en-la-lucha-libre\/","title":{"rendered":"Rollins dice que estamos en la Era de Oro en la lucha libre"},"content":{"rendered":"<p>Seth Rollins acudi\u00f3 a Twitter esta noche y declar\u00f3 que la era COVID-19 de la lucha profesional tambi\u00e9n es La Era de Oro.<!--more--><div id=\"ad-slot\" style=\"min-width: 300px; min-height: 250px;\">\r\n<p style=\"text-align: center;\">\r\n<script async src=\"https:\/\/pagead2.googlesyndication.com\/pagead\/js\/adsbygoogle.js\"><\/script>\r\n<!-- 300x250 sc a -->\r\n<ins class=\"adsbygoogle\"\r\n     style=\"display:inline-block;width:300px;height:250px\"\r\n     data-ad-client=\"ca-pub-1244235910658811\"\r\n     data-ad-slot=\"8592682546\"><\/ins>\r\n<script>\r\n     (adsbygoogle = window.adsbygoogle || []).push({});\r\n<\/script><\/center>\r\n<\/p><\/div><br \/>\nRollins dijo que no sabe si alguna vez ha habido esta incre\u00edble acci\u00f3n dentro del ring.<\/p>\n<p>&#8220;De costa a costa y de mar a mar, no s\u00e9 si alguna vez ha habido tanta lucha incre\u00edble en alg\u00fan momento. Sin quitarle nada a las generaciones pasadas, inspiraron y allanaron el camino, pero estamos muy seguros que nos mantenernos al d\u00eda &#8230; y algo m\u00e1s. #ironsharpensiron #thegoldenage &#8220;, escribi\u00f3 Rollins.<\/p>\n","protected":false},"excerpt":{"rendered":"<p>Seth Rollins acudi\u00f3 a Twitter esta noche y declar\u00f3 que la era COVID-19 de la lucha profesional tambi\u00e9n es La Era de Oro.<\/p>\n","protected":false},"author":1,"featured_media":120378,"comment_status":"open","ping_status":"closed","sticky":false,"template":"","format":"standard","meta":{"footnotes":""},"categories":[5,38],"tags":[],"class_list":{"0":"post-126167","1":"post","2":"type-post","3":"status-publish","4":"format-standard","5":"has-post-thumbnail","7":"category-noticias","8":"category-noticias-y-rumores-de-la-wwe"},"_links":{"self":[{"href":"https:\/\/www.prwrestling.com\/nw\/wp-json\/wp\/v2\/posts\/126167","targetHints":{"allow":["GET"]}}],"collection":[{"href":"https:\/\/www.prwrestling.com\/nw\/wp-json\/wp\/v2\/posts"}],"about":[{"href":"https:\/\/www.prwrestling.com\/nw\/wp-json\/wp\/v2\/types\/post"}],"author":[{"embeddable":true,"href":"https:\/\/www.prwrestling.com\/nw\/wp-json\/wp\/v2\/users\/1"}],"replies":[{"embeddable":true,"href":"https:\/\/www.prwrestling.com\/nw\/wp-json\/wp\/v2\/comments?post=126167"}],"version-history":[{"count":1,"href":"https:\/\/www.prwrestling.com\/nw\/wp-json\/wp\/v2\/posts\/126167\/revisions"}],"predecessor-version":[{"id":126168,"href":"https:\/\/www.prwrestling.com\/nw\/wp-json\/wp\/v2\/posts\/126167\/revisions\/126168"}],"wp:featuredmedia":[{"embeddable":true,"href":"https:\/\/www.prwrestling.com\/nw\/wp-json\/wp\/v2\/media\/120378"}],"wp:attachment":[{"href":"https:\/\/www.prwrestling.com\/nw\/wp-json\/wp\/v2\/media?parent=126167"}],"wp:term":[{"taxonomy":"category","embeddable":true,"href":"https:\/\/www.prwrestling.com\/nw\/wp-json\/wp\/v2\/categories?post=126167"},{"taxonomy":"post_tag","embeddable":true,"href":"https:\/\/www.prwrestling.com\/nw\/wp-json\/wp\/v2\/tags?post=126167"}],"curies":[{"name":"wp","href":"https:\/\/api.w.org\/{rel}","templated":true}]}}