{"id":126187,"date":"2020-07-25T14:45:37","date_gmt":"2020-07-25T18:45:37","guid":{"rendered":"https:\/\/www.prwrestling.com\/nw\/?p=126187"},"modified":"2020-07-25T14:45:37","modified_gmt":"2020-07-25T18:45:37","slug":"mick-foley-dice-a-wwe-se-le-fue-el-barco-con-ec3","status":"publish","type":"post","link":"https:\/\/www.prwrestling.com\/nw\/mick-foley-dice-a-wwe-se-le-fue-el-barco-con-ec3\/","title":{"rendered":"Mick Foley dice a WWE &#8220;se le fu\u00e9 el barco&#8221; con EC3"},"content":{"rendered":"<p>Aparentemente Mick Foley es admirador de EC3, quien ahora ha estado apareciendo en Impact Wrestling despu\u00e9s de una breve temporada sin \u00e9xito con la WWE.<!--more--><div id=\"ad-slot\" style=\"min-width: 300px; min-height: 250px;\">\r\n<p style=\"text-align: center;\">\r\n<script async src=\"https:\/\/pagead2.googlesyndication.com\/pagead\/js\/adsbygoogle.js\"><\/script>\r\n<!-- 300x250 sc a -->\r\n<ins class=\"adsbygoogle\"\r\n     style=\"display:inline-block;width:300px;height:250px\"\r\n     data-ad-client=\"ca-pub-1244235910658811\"\r\n     data-ad-slot=\"8592682546\"><\/ins>\r\n<script>\r\n     (adsbygoogle = window.adsbygoogle || []).push({});\r\n<\/script><\/center>\r\n<\/p><\/div><br \/>\nMientras bromeaba sobre el sorprendente parecido entre EC3 y la ex estrella de WWE Kurrgan (Robert Maillet), Foley opin\u00f3 que WWE pudo hacer m\u00e1s con EC3.<\/p>\n<p>&#8220;\u00bfHan sido # EC3 y #KURRGAN el mismo tipo todo el tiempo? \u00bfAlguien ha visto a @Robert_Maillet &amp; Ethan Carter III en el mismo lugar al mismo tiempo? Solo la opini\u00f3n de un hombre, pero creo que a @WWE realmente se les fue el barco con # ec3, &#8220;Foley tuite\u00f3 el mi\u00e9rcoles por la noche.<br \/>\n<div id=\"ad-slot\" style=\"min-width: 300px; min-height: 250px;\"><p style=\"text-align: center;\">\r\n<script async src=\"https:\/\/pagead2.googlesyndication.com\/pagead\/js\/adsbygoogle.js\"><\/script>\r\n<!-- Responsive sc c -->\r\n<ins class=\"adsbygoogle\"\r\n     style=\"display:block\"\r\n     data-ad-client=\"ca-pub-1244235910658811\"\r\n     data-ad-slot=\"4234005358\"\r\n     data-ad-format=\"auto\"\r\n     data-full-width-responsive=\"true\"><\/ins>\r\n<script>\r\n     (adsbygoogle = window.adsbygoogle || []).push({});\r\n<\/script><\/p><\/div><br \/>\nEl s\u00e1bado pasado en el evento Slammiversary de Impact Wrestling, el show lleg\u00f3 a su fin con un video que promociona el regreso de EC3. Unas noches m\u00e1s tarde, EC3 regres\u00f3 y agredi\u00f3 violentamente a Moose, el autoproclamado Campe\u00f3n Mundial de Peso Pesado TNA.<\/p>\n","protected":false},"excerpt":{"rendered":"<p>Aparentemente Mick Foley es admirador de EC3, quien ahora ha estado apareciendo en Impact Wrestling despu\u00e9s de una breve temporada sin \u00e9xito con la WWE.<\/p>\n","protected":false},"author":1,"featured_media":111136,"comment_status":"open","ping_status":"closed","sticky":false,"template":"","format":"standard","meta":{"footnotes":""},"categories":[5],"tags":[1411],"class_list":{"0":"post-126187","1":"post","2":"type-post","3":"status-publish","4":"format-standard","5":"has-post-thumbnail","7":"category-noticias","8":"tag-mick-foley"},"_links":{"self":[{"href":"https:\/\/www.prwrestling.com\/nw\/wp-json\/wp\/v2\/posts\/126187","targetHints":{"allow":["GET"]}}],"collection":[{"href":"https:\/\/www.prwrestling.com\/nw\/wp-json\/wp\/v2\/posts"}],"about":[{"href":"https:\/\/www.prwrestling.com\/nw\/wp-json\/wp\/v2\/types\/post"}],"author":[{"embeddable":true,"href":"https:\/\/www.prwrestling.com\/nw\/wp-json\/wp\/v2\/users\/1"}],"replies":[{"embeddable":true,"href":"https:\/\/www.prwrestling.com\/nw\/wp-json\/wp\/v2\/comments?post=126187"}],"version-history":[{"count":0,"href":"https:\/\/www.prwrestling.com\/nw\/wp-json\/wp\/v2\/posts\/126187\/revisions"}],"wp:featuredmedia":[{"embeddable":true,"href":"https:\/\/www.prwrestling.com\/nw\/wp-json\/wp\/v2\/media\/111136"}],"wp:attachment":[{"href":"https:\/\/www.prwrestling.com\/nw\/wp-json\/wp\/v2\/media?parent=126187"}],"wp:term":[{"taxonomy":"category","embeddable":true,"href":"https:\/\/www.prwrestling.com\/nw\/wp-json\/wp\/v2\/categories?post=126187"},{"taxonomy":"post_tag","embeddable":true,"href":"https:\/\/www.prwrestling.com\/nw\/wp-json\/wp\/v2\/tags?post=126187"}],"curies":[{"name":"wp","href":"https:\/\/api.w.org\/{rel}","templated":true}]}}