{"id":126211,"date":"2020-07-26T16:37:40","date_gmt":"2020-07-26T20:37:40","guid":{"rendered":"https:\/\/www.prwrestling.com\/nw\/?p=126211"},"modified":"2020-07-26T16:38:48","modified_gmt":"2020-07-26T20:38:48","slug":"lita-no-cierra-la-puerta-a-una-lucha-mas","status":"publish","type":"post","link":"https:\/\/www.prwrestling.com\/nw\/lita-no-cierra-la-puerta-a-una-lucha-mas\/","title":{"rendered":"Lita no cierra la puerta a una lucha m\u00e1s"},"content":{"rendered":"<p>Corey Graves entrevist\u00f3 a Lita en el podcast <a href=\"http:\/\/wwe.com\" target=\"_blank\" rel=\"noopener\">After The Bell<\/a>, donde Lita habl\u00f3 sobre varios temas.<!--more--><div id=\"ad-slot\" style=\"min-width: 300px; min-height: 250px;\">\r\n<p style=\"text-align: center;\">\r\n<!-- Site name: prwrestling.com\r\nZone name: prwrestling.com_banner_300x250\r\nZone id: 2109741734\r\nType: banner\r\nFormat: 300x250\r\n --> \r\n\r\n<!-- Copy and paste this code on the page. -->\r\n<div id='zone_2109741734' ><\/div>\r\n<script>\r\n    (function(w,d,o,g,r,a,m){\r\n        var cid='zone_2109741734';\r\n        w[r]=w[r]||function(){(w[r+'l']=w[r+'l']||[]).push(arguments)};\r\n        function e(b,w,r){if((w[r+'h']=b.pop())&&!w.ABN){\r\n            var a=d.createElement(o),p=d.getElementsByTagName(o)[0];a.async=1;\r\n            a.src='https:\/\/cdn.'+w[r+'h']+'\/libs\/e.js';a.onerror=function(){e(g,w,r)};\r\n            p.parentNode.insertBefore(a,p)}}e(g,w,r);\r\n        w[r](cid,{id:2109741734,domain:w[r+'h']});\r\n    })(window,document,'script',['traffmovie.com'],'ABNS');\r\n<\/script>\r\n\r\n<!--\r\nWhen setting the zone code, make sure:\r\n  - you have provided all domains from which the area code will be called\r\n  - the site does not limit the loading in the Content Security Policy\r\n  - the area code is installed in the ad space inside the page\r\n  - site layout allows you to display the banner on mobile devices in full size\r\nUse data-cp1={customParam1} data-cp2={customParam2}... attributes for sending custom params\r\n-->\r\n<\/p><\/div><br \/>\nEn la parte final del episodio, Graves le pregunt\u00f3 a Lita si ten\u00eda palabras para el Universo WWE. Lita habl\u00f3 sobre lo mucho que extra\u00f1a a los fan\u00e1ticos, incluso mientras disfruta de su vida fuera de la lucha libre.<\/p>\n<p>&#8220;Extra\u00f1o a todos. Extra\u00f1o mucho a todos&#8221;, expres\u00f3 Lita. &#8220;Me encanta estar en mi peque\u00f1a burbuja y tener mi rutina rom\u00e1ntica de la vida normal, pero realmente extra\u00f1o a los fan\u00e1ticos, a ti Graves, y extra\u00f1o a la gente. As\u00ed que espero que todos nos mantengamos a salvo para que podamos encontrarnos al otro lado &#8220;.<\/p>\n<p>La \u00faltima lucha de Lita fue en Evolution, que fue su primera en seis a\u00f1os. Graves le pregunt\u00f3 a Lita si alguna vez regresar\u00eda para otra lucha. Lita no descart\u00f3 la idea, pero se\u00f1al\u00f3 que WWE no necesita que regrese para una lucha m\u00e1s.<br \/>\n<div id=\"ad-slot\" style=\"min-width: 300px; min-height: 250px;\"><p style=\"text-align: center;\">\r\n<script async src=\"https:\/\/pagead2.googlesyndication.com\/pagead\/js\/adsbygoogle.js\"><\/script>\r\n<!-- Responsive sc c -->\r\n<ins class=\"adsbygoogle\"\r\n     style=\"display:block\"\r\n     data-ad-client=\"ca-pub-1244235910658811\"\r\n     data-ad-slot=\"4234005358\"\r\n     data-ad-format=\"auto\"\r\n     data-full-width-responsive=\"true\"><\/ins>\r\n<script>\r\n     (adsbygoogle = window.adsbygoogle || []).push({});\r\n<\/script><\/p><\/div><br \/>\n&#8220;Estoy dispuesta&#8221;, dijo Lita. &#8220;No puedo decir que si nunca volviera a estar en el ring, me falta algo, pero creo que ser\u00eda una oportunidad divertida y un buen objetivo a corto plazo, y solo algo para agregar al curr\u00edculum. Ustedes no me necesitan, como, todo el mundo lo est\u00e1 haciendo genial all\u00ed. As\u00ed que puedo ver lo bien que lo est\u00e1n haciendo todos. Pero si las estrellas se alinean, podr\u00eda estar dispuesta,&#8221; dijo.<\/p>\n","protected":false},"excerpt":{"rendered":"<p>Corey Graves entrevist\u00f3 a Lita en el podcast After The Bell, donde Lita habl\u00f3 sobre varios temas.<\/p>\n","protected":false},"author":1,"featured_media":126212,"comment_status":"open","ping_status":"closed","sticky":false,"template":"","format":"standard","meta":{"footnotes":""},"categories":[5,38],"tags":[3638,9],"class_list":["post-126211","post","type-post","status-publish","format-standard","has-post-thumbnail","category-noticias","category-noticias-y-rumores-de-la-wwe","tag-lita","tag-wwe"],"_links":{"self":[{"href":"https:\/\/www.prwrestling.com\/nw\/wp-json\/wp\/v2\/posts\/126211","targetHints":{"allow":["GET"]}}],"collection":[{"href":"https:\/\/www.prwrestling.com\/nw\/wp-json\/wp\/v2\/posts"}],"about":[{"href":"https:\/\/www.prwrestling.com\/nw\/wp-json\/wp\/v2\/types\/post"}],"author":[{"embeddable":true,"href":"https:\/\/www.prwrestling.com\/nw\/wp-json\/wp\/v2\/users\/1"}],"replies":[{"embeddable":true,"href":"https:\/\/www.prwrestling.com\/nw\/wp-json\/wp\/v2\/comments?post=126211"}],"version-history":[{"count":2,"href":"https:\/\/www.prwrestling.com\/nw\/wp-json\/wp\/v2\/posts\/126211\/revisions"}],"predecessor-version":[{"id":126215,"href":"https:\/\/www.prwrestling.com\/nw\/wp-json\/wp\/v2\/posts\/126211\/revisions\/126215"}],"wp:featuredmedia":[{"embeddable":true,"href":"https:\/\/www.prwrestling.com\/nw\/wp-json\/wp\/v2\/media\/126212"}],"wp:attachment":[{"href":"https:\/\/www.prwrestling.com\/nw\/wp-json\/wp\/v2\/media?parent=126211"}],"wp:term":[{"taxonomy":"category","embeddable":true,"href":"https:\/\/www.prwrestling.com\/nw\/wp-json\/wp\/v2\/categories?post=126211"},{"taxonomy":"post_tag","embeddable":true,"href":"https:\/\/www.prwrestling.com\/nw\/wp-json\/wp\/v2\/tags?post=126211"}],"curies":[{"name":"wp","href":"https:\/\/api.w.org\/{rel}","templated":true}]}}