{"id":126216,"date":"2020-07-26T19:41:35","date_gmt":"2020-07-26T23:41:35","guid":{"rendered":"https:\/\/www.prwrestling.com\/nw\/?p=126216"},"modified":"2020-07-26T19:41:35","modified_gmt":"2020-07-26T23:41:35","slug":"mvp-critica-a-hogan-por-racismo-luego-borra-mensaje","status":"publish","type":"post","link":"https:\/\/www.prwrestling.com\/nw\/mvp-critica-a-hogan-por-racismo-luego-borra-mensaje\/","title":{"rendered":"MVP critica a Hogan por racismo, luego borra mensaje"},"content":{"rendered":"<p>Hulk Hogan fue desterrado de la WWE durante a\u00f1os despu\u00e9s de que apareciera el audio de \u00e9l usando insultos raciales y admitiendo ser &#8220;racista hasta cierto punto&#8221;.<!--more--> Eventualmente regres\u00f3 a WWE y se disculp\u00f3, pero queda mucho trabajo por hacer.<div id=\"ad-slot\" style=\"min-width: 300px; min-height: 250px;\">\r\n<p style=\"text-align: center;\">\r\n<script async src=\"https:\/\/pagead2.googlesyndication.com\/pagead\/js\/adsbygoogle.js\"><\/script>\r\n<!-- 300x250 sc a -->\r\n<ins class=\"adsbygoogle\"\r\n     style=\"display:inline-block;width:300px;height:250px\"\r\n     data-ad-client=\"ca-pub-1244235910658811\"\r\n     data-ad-slot=\"8592682546\"><\/ins>\r\n<script>\r\n     (adsbygoogle = window.adsbygoogle || []).push({});\r\n<\/script><\/center>\r\n<\/p><\/div><\/p>\n<p>Erik de los Viking Raiders public\u00f3 una foto de \u00e9l y Hulk Hogan en Instagram y relat\u00f3 su grato recuerdo de haber conocido al Hulkster.<\/p>\n<p>\u201cUno de mis primeros recuerdos es estar sentado en el suelo con mi padre mirando a Hulk Hogan en la televisi\u00f3n. Hace un a\u00f1o conoc\u00ed a mi h\u00e9roe de la infancia. Y d\u00e9jame decirte algo, hermano, fue incre\u00edble,\u201d dijo.<\/p>\n<p>MVP vio esta publicaci\u00f3n y coment\u00f3: &#8220;Y luego descubr\u00ed que me odia a m\u00ed y a las personas que se parecen a m\u00ed&#8221;. Inmediatamente recibi\u00f3 muchas respuestas para esta respuesta.<br \/>\n<div id=\"ad-slot\" style=\"min-width: 300px; min-height: 250px;\"><p style=\"text-align: center;\">\r\n<script async src=\"https:\/\/pagead2.googlesyndication.com\/pagead\/js\/adsbygoogle.js\"><\/script>\r\n<!-- Responsive sc c -->\r\n<ins class=\"adsbygoogle\"\r\n     style=\"display:block\"\r\n     data-ad-client=\"ca-pub-1244235910658811\"\r\n     data-ad-slot=\"4234005358\"\r\n     data-ad-format=\"auto\"\r\n     data-full-width-responsive=\"true\"><\/ins>\r\n<script>\r\n     (adsbygoogle = window.adsbygoogle || []).push({});\r\n<\/script><\/p><\/div><br \/>\nDespu\u00e9s MVP elimin\u00f3 su comentario, no sin antes un fanatico haber capturado el momento, cual puedes ver abajo:<\/p>\n<p><img loading=\"lazy\" decoding=\"async\" class=\"aligncenter\" src=\"https:\/\/www.ringsidenews.com\/wp-content\/uploads\/2020\/07\/fucka4-768x1257.jpg\" width=\"635\" height=\"1039\" \/><\/p>\n","protected":false},"excerpt":{"rendered":"<p>Hulk Hogan fue desterrado de la WWE durante a\u00f1os despu\u00e9s de que apareciera el audio de \u00e9l usando insultos raciales y admitiendo ser &#8220;racista hasta cierto punto&#8221;.<\/p>\n","protected":false},"author":1,"featured_media":124504,"comment_status":"open","ping_status":"closed","sticky":false,"template":"","format":"standard","meta":{"footnotes":""},"categories":[5,38],"tags":[1459,9],"class_list":{"0":"post-126216","1":"post","2":"type-post","3":"status-publish","4":"format-standard","5":"has-post-thumbnail","7":"category-noticias","8":"category-noticias-y-rumores-de-la-wwe","9":"tag-mvp","10":"tag-wwe"},"_links":{"self":[{"href":"https:\/\/www.prwrestling.com\/nw\/wp-json\/wp\/v2\/posts\/126216","targetHints":{"allow":["GET"]}}],"collection":[{"href":"https:\/\/www.prwrestling.com\/nw\/wp-json\/wp\/v2\/posts"}],"about":[{"href":"https:\/\/www.prwrestling.com\/nw\/wp-json\/wp\/v2\/types\/post"}],"author":[{"embeddable":true,"href":"https:\/\/www.prwrestling.com\/nw\/wp-json\/wp\/v2\/users\/1"}],"replies":[{"embeddable":true,"href":"https:\/\/www.prwrestling.com\/nw\/wp-json\/wp\/v2\/comments?post=126216"}],"version-history":[{"count":0,"href":"https:\/\/www.prwrestling.com\/nw\/wp-json\/wp\/v2\/posts\/126216\/revisions"}],"wp:featuredmedia":[{"embeddable":true,"href":"https:\/\/www.prwrestling.com\/nw\/wp-json\/wp\/v2\/media\/124504"}],"wp:attachment":[{"href":"https:\/\/www.prwrestling.com\/nw\/wp-json\/wp\/v2\/media?parent=126216"}],"wp:term":[{"taxonomy":"category","embeddable":true,"href":"https:\/\/www.prwrestling.com\/nw\/wp-json\/wp\/v2\/categories?post=126216"},{"taxonomy":"post_tag","embeddable":true,"href":"https:\/\/www.prwrestling.com\/nw\/wp-json\/wp\/v2\/tags?post=126216"}],"curies":[{"name":"wp","href":"https:\/\/api.w.org\/{rel}","templated":true}]}}