{"id":126221,"date":"2020-07-27T08:32:03","date_gmt":"2020-07-27T12:32:03","guid":{"rendered":"https:\/\/www.prwrestling.com\/nw\/?p=126221"},"modified":"2020-07-27T08:32:35","modified_gmt":"2020-07-27T12:32:35","slug":"ec3-relata-la-reaccion-de-vince-cuando-lo-vio-en-impact","status":"publish","type":"post","link":"https:\/\/www.prwrestling.com\/nw\/ec3-relata-la-reaccion-de-vince-cuando-lo-vio-en-impact\/","title":{"rendered":"EC3 relata la reacci\u00f3n de Vince cuando lo vio en Impact"},"content":{"rendered":"<p>La ex estrella de WWE EC3 apareci\u00f3 recientemente en el Podcast de WrestleTalk para hablar de su experiencia en la empresa.<!--more--><div id=\"ad-slot\" style=\"min-width: 300px; min-height: 250px;\">\r\n<p style=\"text-align: center;\">\r\n<script async src=\"https:\/\/pagead2.googlesyndication.com\/pagead\/js\/adsbygoogle.js\"><\/script>\r\n<!-- 300x250 sc a -->\r\n<ins class=\"adsbygoogle\"\r\n     style=\"display:inline-block;width:300px;height:250px\"\r\n     data-ad-client=\"ca-pub-1244235910658811\"\r\n     data-ad-slot=\"8592682546\"><\/ins>\r\n<script>\r\n     (adsbygoogle = window.adsbygoogle || []).push({});\r\n<\/script><\/center>\r\n<\/p><\/div><br \/>\nEC3 cont\u00f3 una historia sobre Vince McMahon mir\u00e1ndolo durante su primera corrida con Impact Wrestling. Aparentemente, Vince no reconoci\u00f3 a EC3 a pesar del hecho de que anteriormente hab\u00eda luchado en Florida Championship Wrestling y en la misma WWE como &#8220;Derrick Bateman&#8221;.<\/p>\n<p>&#8220;Creo que no ten\u00eda idea [de qui\u00e9n era]&#8221;, explic\u00f3 EC3. &#8220;En realidad, una vez escuch\u00e9 que hab\u00eda una reuni\u00f3n y estaban viendo Impact, y sal\u00ed y no recuerdo qui\u00e9n me dijo esto. Creo que fue alguien creativo. Pero, [Vince dice], &#8216; \u00bfQui\u00e9n es este tipo? Deber\u00edamos atraparlo\u2019. Ellos luego le dicen, ya sabes, &#8216;Ese es Derrick Bateman&#8217;. Y \u00e9l dice, &#8216;\u00bfQui\u00e9n?&#8217; &#8221;<\/p>\n<p>EC3 habl\u00f3 sobre su tiempo en NXT, se\u00f1alando que probablemente habr\u00eda sido una mejor opci\u00f3n permanecer en la marca amarilla durante m\u00e1s tiempo.<br \/>\n<div id=\"ad-slot\" style=\"min-width: 300px; min-height: 250px;\"><p style=\"text-align: center;\">\r\n<script async src=\"https:\/\/pagead2.googlesyndication.com\/pagead\/js\/adsbygoogle.js\"><\/script>\r\n<!-- Responsive sc c -->\r\n<ins class=\"adsbygoogle\"\r\n     style=\"display:block\"\r\n     data-ad-client=\"ca-pub-1244235910658811\"\r\n     data-ad-slot=\"4234005358\"\r\n     data-ad-format=\"auto\"\r\n     data-full-width-responsive=\"true\"><\/ins>\r\n<script>\r\n     (adsbygoogle = window.adsbygoogle || []).push({});\r\n<\/script><\/p><\/div><br \/>\n&#8220;Creo que hay arrepentimientos en cierto sentido. La llamada para subir a WWE sali\u00f3 en un momento extra\u00f1o. No explor\u00e9 completamente lo que quer\u00eda all\u00ed&#8221;, continu\u00f3. &#8220;Quiero decir, disfrut\u00e9 mucho de mi tiempo. Disfrut\u00e9 trabajando con Shawn Michaels y Terry Taylor como entrenadores, especialmente Terry Taylor fue mi p\u00e1jaro cantante cantando en mi o\u00eddo,&#8221; dijo.<br \/>\n<iframe loading=\"lazy\" width=\"696\" height=\"392\" src=\"https:\/\/www.youtube.com\/embed\/kZDAEFiD-2o\" frameborder=\"0\" allow=\"accelerometer; autoplay; encrypted-media; gyroscope; picture-in-picture\" allowfullscreen><\/iframe><\/p>\n","protected":false},"excerpt":{"rendered":"<p>La ex estrella de WWE EC3 apareci\u00f3 recientemente en el Podcast de WrestleTalk para hablar de su experiencia en la empresa.<\/p>\n","protected":false},"author":1,"featured_media":116846,"comment_status":"open","ping_status":"closed","sticky":false,"template":"","format":"standard","meta":{"footnotes":""},"categories":[5],"tags":[2551],"class_list":{"0":"post-126221","1":"post","2":"type-post","3":"status-publish","4":"format-standard","5":"has-post-thumbnail","7":"category-noticias","8":"tag-ec3"},"_links":{"self":[{"href":"https:\/\/www.prwrestling.com\/nw\/wp-json\/wp\/v2\/posts\/126221","targetHints":{"allow":["GET"]}}],"collection":[{"href":"https:\/\/www.prwrestling.com\/nw\/wp-json\/wp\/v2\/posts"}],"about":[{"href":"https:\/\/www.prwrestling.com\/nw\/wp-json\/wp\/v2\/types\/post"}],"author":[{"embeddable":true,"href":"https:\/\/www.prwrestling.com\/nw\/wp-json\/wp\/v2\/users\/1"}],"replies":[{"embeddable":true,"href":"https:\/\/www.prwrestling.com\/nw\/wp-json\/wp\/v2\/comments?post=126221"}],"version-history":[{"count":1,"href":"https:\/\/www.prwrestling.com\/nw\/wp-json\/wp\/v2\/posts\/126221\/revisions"}],"predecessor-version":[{"id":126222,"href":"https:\/\/www.prwrestling.com\/nw\/wp-json\/wp\/v2\/posts\/126221\/revisions\/126222"}],"wp:featuredmedia":[{"embeddable":true,"href":"https:\/\/www.prwrestling.com\/nw\/wp-json\/wp\/v2\/media\/116846"}],"wp:attachment":[{"href":"https:\/\/www.prwrestling.com\/nw\/wp-json\/wp\/v2\/media?parent=126221"}],"wp:term":[{"taxonomy":"category","embeddable":true,"href":"https:\/\/www.prwrestling.com\/nw\/wp-json\/wp\/v2\/categories?post=126221"},{"taxonomy":"post_tag","embeddable":true,"href":"https:\/\/www.prwrestling.com\/nw\/wp-json\/wp\/v2\/tags?post=126221"}],"curies":[{"name":"wp","href":"https:\/\/api.w.org\/{rel}","templated":true}]}}