{"id":126224,"date":"2020-07-27T13:55:49","date_gmt":"2020-07-27T17:55:49","guid":{"rendered":"https:\/\/www.prwrestling.com\/nw\/?p=126224"},"modified":"2020-07-27T13:55:49","modified_gmt":"2020-07-27T17:55:49","slug":"adam-cole-se-disculpa-tras-incidente-en-podcast","status":"publish","type":"post","link":"https:\/\/www.prwrestling.com\/nw\/adam-cole-se-disculpa-tras-incidente-en-podcast\/","title":{"rendered":"Adam Cole se disculpa tras incidente en podcast"},"content":{"rendered":"<p>La superestrella de NXT, Adam Cole, emiti\u00f3 un comunicado sobre el incidente de la semana pasada en The Pat McAfee Show.<!--more--><div id=\"ad-slot\" style=\"min-width: 300px; min-height: 250px;\">\r\n<p style=\"text-align: center;\">\r\n<script async src=\"https:\/\/pagead2.googlesyndication.com\/pagead\/js\/adsbygoogle.js\"><\/script>\r\n<!-- 300x250 sc a -->\r\n<ins class=\"adsbygoogle\"\r\n     style=\"display:inline-block;width:300px;height:250px\"\r\n     data-ad-client=\"ca-pub-1244235910658811\"\r\n     data-ad-slot=\"8592682546\"><\/ins>\r\n<script>\r\n     (adsbygoogle = window.adsbygoogle || []).push({});\r\n<\/script><\/center>\r\n<\/p><\/div><br \/>\nCole y McAfee tuvieron un momento acalorado durante una entrevista la semana pasada luego de que McAfee hab\u00eda criticado del reinado del t\u00edtulo NXT de Cole y su estatura, entre otros comentarios. Cole termin\u00f3 empujando un micr\u00f3fono al suelo y gritando a McAfee, y luego empujando a su coanfitri\u00f3n antes de irse.<\/p>\n<p>Muchos pensaron que lo sucedido pudo haber sido un \u00e1ngulo, pero tal parece que no, ya que Cole declar\u00f3 hoy lo siguiente:<\/p>\n<p>&#8220;He tenido el fin de semana para pensar en todo, y a\u00fan es dif\u00edcil poner en palabras por d\u00f3nde empezar&#8221;, escribi\u00f3 Cole. \u201cEn primer lugar, a cualquiera que haya ofendido, me disculpo. Pido disculpas porque represento a una marca que exige respeto. No solo por lo que hacemos en el ring, sino por c\u00f3mo nos manejamos fuera del ring. A pesar de que continu\u00f3 presionando mis botones, todav\u00eda deber\u00eda haber mantenido la compostura y haber actuado como un profesional. Mi reacci\u00f3n me averg\u00fcenza y me asegurar\u00e9 de que algo as\u00ed nunca vuelva a suceder. Gracias por el continuo apoyo a todos &#8220;.<br \/>\n<div id=\"ad-slot\" style=\"min-width: 300px; min-height: 250px;\"><p style=\"text-align: center;\">\r\n<script async src=\"https:\/\/pagead2.googlesyndication.com\/pagead\/js\/adsbygoogle.js\"><\/script>\r\n<!-- Responsive sc c -->\r\n<ins class=\"adsbygoogle\"\r\n     style=\"display:block\"\r\n     data-ad-client=\"ca-pub-1244235910658811\"\r\n     data-ad-slot=\"4234005358\"\r\n     data-ad-format=\"auto\"\r\n     data-full-width-responsive=\"true\"><\/ins>\r\n<script>\r\n     (adsbygoogle = window.adsbygoogle || []).push({});\r\n<\/script><\/p><\/div><br \/>\nPuedes ver el pietaje del incidente a continuaci\u00f3n:<br \/>\n<iframe loading=\"lazy\" width=\"560\" height=\"315\" src=\"https:\/\/www.youtube.com\/embed\/X4NmIU_o43Q\" frameborder=\"0\" allow=\"accelerometer; autoplay; encrypted-media; gyroscope; picture-in-picture\" allowfullscreen><\/iframe><\/p>\n","protected":false},"excerpt":{"rendered":"<p>La superestrella de NXT, Adam Cole, emiti\u00f3 un comunicado sobre el incidente de la semana pasada en The Pat McAfee Show.<\/p>\n","protected":false},"author":1,"featured_media":126225,"comment_status":"open","ping_status":"closed","sticky":false,"template":"","format":"standard","meta":{"footnotes":""},"categories":[5],"tags":[1900,9],"class_list":{"0":"post-126224","1":"post","2":"type-post","3":"status-publish","4":"format-standard","5":"has-post-thumbnail","7":"category-noticias","8":"tag-adam-cole","9":"tag-wwe"},"_links":{"self":[{"href":"https:\/\/www.prwrestling.com\/nw\/wp-json\/wp\/v2\/posts\/126224","targetHints":{"allow":["GET"]}}],"collection":[{"href":"https:\/\/www.prwrestling.com\/nw\/wp-json\/wp\/v2\/posts"}],"about":[{"href":"https:\/\/www.prwrestling.com\/nw\/wp-json\/wp\/v2\/types\/post"}],"author":[{"embeddable":true,"href":"https:\/\/www.prwrestling.com\/nw\/wp-json\/wp\/v2\/users\/1"}],"replies":[{"embeddable":true,"href":"https:\/\/www.prwrestling.com\/nw\/wp-json\/wp\/v2\/comments?post=126224"}],"version-history":[{"count":0,"href":"https:\/\/www.prwrestling.com\/nw\/wp-json\/wp\/v2\/posts\/126224\/revisions"}],"wp:featuredmedia":[{"embeddable":true,"href":"https:\/\/www.prwrestling.com\/nw\/wp-json\/wp\/v2\/media\/126225"}],"wp:attachment":[{"href":"https:\/\/www.prwrestling.com\/nw\/wp-json\/wp\/v2\/media?parent=126224"}],"wp:term":[{"taxonomy":"category","embeddable":true,"href":"https:\/\/www.prwrestling.com\/nw\/wp-json\/wp\/v2\/categories?post=126224"},{"taxonomy":"post_tag","embeddable":true,"href":"https:\/\/www.prwrestling.com\/nw\/wp-json\/wp\/v2\/tags?post=126224"}],"curies":[{"name":"wp","href":"https:\/\/api.w.org\/{rel}","templated":true}]}}