{"id":126234,"date":"2020-07-27T23:27:21","date_gmt":"2020-07-28T03:27:21","guid":{"rendered":"https:\/\/www.prwrestling.com\/nw\/?p=126234"},"modified":"2020-07-27T23:33:11","modified_gmt":"2020-07-28T03:33:11","slug":"kairi-sane-se-despide-del-universo-wwe","status":"publish","type":"post","link":"https:\/\/www.prwrestling.com\/nw\/kairi-sane-se-despide-del-universo-wwe\/","title":{"rendered":"Kairi Sane se despide del Universo WWE"},"content":{"rendered":"<p>Tras lo sucedido en Raw, la luchadora japonesa public\u00f3 el siguiente mensaje en Twitter:<!--more--><div id=\"ad-slot\" style=\"min-width: 300px; min-height: 250px;\">\r\n<p style=\"text-align: center;\">\r\n<script async src=\"https:\/\/pagead2.googlesyndication.com\/pagead\/js\/adsbygoogle.js\"><\/script>\r\n<!-- 300x250 sc a -->\r\n<ins class=\"adsbygoogle\"\r\n     style=\"display:inline-block;width:300px;height:250px\"\r\n     data-ad-client=\"ca-pub-1244235910658811\"\r\n     data-ad-slot=\"8592682546\"><\/ins>\r\n<script>\r\n     (adsbygoogle = window.adsbygoogle || []).push({});\r\n<\/script><\/center>\r\n<\/p><\/div><\/p>\n<blockquote><p>Pude lograr mucho en los \u00faltimos tres a\u00f1os, pero no fue por mi habilidad o mi fuerza. Fue por todo el constante y c\u00e1lido apoyo de los fan\u00e1ticos. Estoy muy agradecida de poder conocerlos a todos.<\/p>\n<p>Gracias desde el fondo de mi coraz\u00f3n,<br \/>\nKairi Sane<\/p><\/blockquote>\n<p>Sane fue viciosamente atacada por Bayley tras bastidores en Raw, causando que Asuka abandonara su lucha ante Sasha Banks, dando paso a que Banks capturara el campeonato Femenino de Raw.<\/p>\n<p>Luego de la lucha Asuka sali\u00f3 triste y molesta del \u00e1rea m\u00e9dica de la WWE, dando a entender que Sane sufri\u00f3 una fuerte golpiza. Se ha estado comentado desde hace varios meses que Sane terminar\u00eda este mes con la WWE para regresar a Jap\u00f3n.<br \/>\n<div id=\"ad-slot\" style=\"min-width: 300px; min-height: 250px;\"><p style=\"text-align: center;\">\r\n<script async src=\"https:\/\/pagead2.googlesyndication.com\/pagead\/js\/adsbygoogle.js\"><\/script>\r\n<!-- Responsive sc c -->\r\n<ins class=\"adsbygoogle\"\r\n     style=\"display:block\"\r\n     data-ad-client=\"ca-pub-1244235910658811\"\r\n     data-ad-slot=\"4234005358\"\r\n     data-ad-format=\"auto\"\r\n     data-full-width-responsive=\"true\"><\/ins>\r\n<script>\r\n     (adsbygoogle = window.adsbygoogle || []).push({});\r\n<\/script><\/p><\/div><\/p>\n<blockquote class=\"twitter-tweet\">\n<p dir=\"ltr\" lang=\"en\">I was able to accomplish so much in the last three years, but it wasn\u2019t because of my ability or my strength. It was because of all of the constant, warm support from the fans. I am so thankful I could meet you all.<br \/>\nThank you from the bottom of my heart,<br \/>\nKairi Sane&#x263a;&#xfe0f;&#x2693;&#xfe0f; <a href=\"https:\/\/t.co\/BaH2UBi9wn\">pic.twitter.com\/BaH2UBi9wn<\/a><\/p>\n<p>\u2014 KAIRI SANE (@KairiSaneWWE) <a href=\"https:\/\/twitter.com\/KairiSaneWWE\/status\/1287935624305979392?ref_src=twsrc%5Etfw\" target=\"_blank\" rel=\"noopener\">July 28, 2020<\/a><\/p><\/blockquote>\n<p><script async src=\"https:\/\/platform.twitter.com\/widgets.js\" charset=\"utf-8\"><\/script><\/p>\n","protected":false},"excerpt":{"rendered":"<p>Tras lo sucedido en Raw, la luchadora japonesa public\u00f3 el siguiente mensaje en Twitter:<\/p>\n","protected":false},"author":1,"featured_media":14802,"comment_status":"open","ping_status":"closed","sticky":false,"template":"","format":"standard","meta":{"footnotes":""},"categories":[5,38],"tags":[5133],"class_list":{"0":"post-126234","1":"post","2":"type-post","3":"status-publish","4":"format-standard","5":"has-post-thumbnail","7":"category-noticias","8":"category-noticias-y-rumores-de-la-wwe","9":"tag-kairi-sane"},"_links":{"self":[{"href":"https:\/\/www.prwrestling.com\/nw\/wp-json\/wp\/v2\/posts\/126234","targetHints":{"allow":["GET"]}}],"collection":[{"href":"https:\/\/www.prwrestling.com\/nw\/wp-json\/wp\/v2\/posts"}],"about":[{"href":"https:\/\/www.prwrestling.com\/nw\/wp-json\/wp\/v2\/types\/post"}],"author":[{"embeddable":true,"href":"https:\/\/www.prwrestling.com\/nw\/wp-json\/wp\/v2\/users\/1"}],"replies":[{"embeddable":true,"href":"https:\/\/www.prwrestling.com\/nw\/wp-json\/wp\/v2\/comments?post=126234"}],"version-history":[{"count":3,"href":"https:\/\/www.prwrestling.com\/nw\/wp-json\/wp\/v2\/posts\/126234\/revisions"}],"predecessor-version":[{"id":126238,"href":"https:\/\/www.prwrestling.com\/nw\/wp-json\/wp\/v2\/posts\/126234\/revisions\/126238"}],"wp:featuredmedia":[{"embeddable":true,"href":"https:\/\/www.prwrestling.com\/nw\/wp-json\/wp\/v2\/media\/14802"}],"wp:attachment":[{"href":"https:\/\/www.prwrestling.com\/nw\/wp-json\/wp\/v2\/media?parent=126234"}],"wp:term":[{"taxonomy":"category","embeddable":true,"href":"https:\/\/www.prwrestling.com\/nw\/wp-json\/wp\/v2\/categories?post=126234"},{"taxonomy":"post_tag","embeddable":true,"href":"https:\/\/www.prwrestling.com\/nw\/wp-json\/wp\/v2\/tags?post=126234"}],"curies":[{"name":"wp","href":"https:\/\/api.w.org\/{rel}","templated":true}]}}