{"id":126246,"date":"2020-07-28T18:30:19","date_gmt":"2020-07-28T22:30:19","guid":{"rendered":"https:\/\/www.prwrestling.com\/nw\/?p=126246"},"modified":"2020-07-28T18:30:19","modified_gmt":"2020-07-28T22:30:19","slug":"vince-mcmahon-dice-wwe-sigue-en-planes-de-regresar-a-celebrar-shows-pronto","status":"publish","type":"post","link":"https:\/\/www.prwrestling.com\/nw\/vince-mcmahon-dice-wwe-sigue-en-planes-de-regresar-a-celebrar-shows-pronto\/","title":{"rendered":"Vince McMahon dice WWE sigue en planes de regresar a celebrar shows pronto"},"content":{"rendered":"<p>El presidente de WWE, Vince McMahon, habl\u00f3 sobre el regreso de los eventos regulares de WWE en vivo durante la reuni\u00f3n anual de accionistas. <!--more--><div id=\"ad-slot\" style=\"min-width: 300px; min-height: 250px;\">\r\n<p style=\"text-align: center;\">\r\n<script async src=\"https:\/\/pagead2.googlesyndication.com\/pagead\/js\/adsbygoogle.js\"><\/script>\r\n<!-- 300x250 sc a -->\r\n<ins class=\"adsbygoogle\"\r\n     style=\"display:inline-block;width:300px;height:250px\"\r\n     data-ad-client=\"ca-pub-1244235910658811\"\r\n     data-ad-slot=\"8592682546\"><\/ins>\r\n<script>\r\n     (adsbygoogle = window.adsbygoogle || []).push({});\r\n<\/script><\/center>\r\n<\/p><\/div><br \/>\nVince dijo que WWE est\u00e1 trabajando actualmente con las arenas, pero no tienen fechas confirmadas. Se\u00f1al\u00f3 que es imperativo que WWE tenga fan\u00e1ticos con los que interactuar.<\/p>\n<p>&#8220;Claro, obviamente tenemos que seguir lo que est\u00e1 sucediendo y, a veces, crees que tiene la respuesta y luego, &#8216;Uh oh&#8217;, COVID-19 tiene un impacto m\u00e1s severo de lo que hab\u00eda imaginado&#8221;, dijo. &#8220;Estamos trabajando con las arenas. Tenemos varias fechas tentativas. Esas fechas tentativas siguen retrocediendo a veces&#8221;.<\/p>\n<p>&#8220;Pero nuevamente, con nuestra forma de entretenimiento, es imperativo que tengamos fan\u00e1ticos con los que interactuar. Y seguimos mirando hacia adelante. Identificando exactamente cu\u00e1ndo vamos a regresar, es una atm\u00f3sfera completamente diferente de lo que ha sido en el pasado y nosotros &#8220;Lo capitalizaremos&#8221;.<\/p>\n<p>Vince tambi\u00e9n habl\u00f3 sobre el regreso de WWE al Reino de Arabia Saudita y se\u00f1al\u00f3 que es posible un regreso antes de fin de a\u00f1o.<br \/>\n<div id=\"ad-slot\" style=\"min-width: 300px; min-height: 250px;\"><p style=\"text-align: center;\">\r\n<script async src=\"https:\/\/pagead2.googlesyndication.com\/pagead\/js\/adsbygoogle.js\"><\/script>\r\n<!-- Responsive sc c -->\r\n<ins class=\"adsbygoogle\"\r\n     style=\"display:block\"\r\n     data-ad-client=\"ca-pub-1244235910658811\"\r\n     data-ad-slot=\"4234005358\"\r\n     data-ad-format=\"auto\"\r\n     data-full-width-responsive=\"true\"><\/ins>\r\n<script>\r\n     (adsbygoogle = window.adsbygoogle || []).push({});\r\n<\/script><\/p><\/div><br \/>\n&#8220;Oh, esa es una posibilidad&#8221;, dijo Vince sobre un regreso de 2020. &#8220;Obviamente, Arabia Saudita ha estado pasando por lo que nosotros en Estados Unidos hemos estado pasando. En lo que respecta a COVID. En este momento, creo que lo est\u00e1n haciendo un poco mejor de lo que nosotros estamos, considerablemente mejor&#8221;.<\/p>\n<p>&#8220;Entonces, existe la posibilidad de que todav\u00eda tengamos un show antes de fin de a\u00f1o, como estaba programado. Pero no estamos seguros porque, ya sabes, qui\u00e9n puede estar seguro de lo que va a hacer COVID-19,&#8221; dijo.<\/p>\n","protected":false},"excerpt":{"rendered":"<p>El presidente de WWE, Vince McMahon, habl\u00f3 sobre el regreso de los eventos regulares de WWE en vivo durante la reuni\u00f3n anual de accionistas.<\/p>\n","protected":false},"author":1,"featured_media":8901,"comment_status":"open","ping_status":"closed","sticky":false,"template":"","format":"standard","meta":{"footnotes":""},"categories":[5,38],"tags":[1359,9],"class_list":{"0":"post-126246","1":"post","2":"type-post","3":"status-publish","4":"format-standard","5":"has-post-thumbnail","7":"category-noticias","8":"category-noticias-y-rumores-de-la-wwe","9":"tag-vince-mcmahon","10":"tag-wwe"},"_links":{"self":[{"href":"https:\/\/www.prwrestling.com\/nw\/wp-json\/wp\/v2\/posts\/126246","targetHints":{"allow":["GET"]}}],"collection":[{"href":"https:\/\/www.prwrestling.com\/nw\/wp-json\/wp\/v2\/posts"}],"about":[{"href":"https:\/\/www.prwrestling.com\/nw\/wp-json\/wp\/v2\/types\/post"}],"author":[{"embeddable":true,"href":"https:\/\/www.prwrestling.com\/nw\/wp-json\/wp\/v2\/users\/1"}],"replies":[{"embeddable":true,"href":"https:\/\/www.prwrestling.com\/nw\/wp-json\/wp\/v2\/comments?post=126246"}],"version-history":[{"count":0,"href":"https:\/\/www.prwrestling.com\/nw\/wp-json\/wp\/v2\/posts\/126246\/revisions"}],"wp:featuredmedia":[{"embeddable":true,"href":"https:\/\/www.prwrestling.com\/nw\/wp-json\/wp\/v2\/media\/8901"}],"wp:attachment":[{"href":"https:\/\/www.prwrestling.com\/nw\/wp-json\/wp\/v2\/media?parent=126246"}],"wp:term":[{"taxonomy":"category","embeddable":true,"href":"https:\/\/www.prwrestling.com\/nw\/wp-json\/wp\/v2\/categories?post=126246"},{"taxonomy":"post_tag","embeddable":true,"href":"https:\/\/www.prwrestling.com\/nw\/wp-json\/wp\/v2\/tags?post=126246"}],"curies":[{"name":"wp","href":"https:\/\/api.w.org\/{rel}","templated":true}]}}