{"id":126288,"date":"2020-07-30T21:37:00","date_gmt":"2020-07-31T01:37:00","guid":{"rendered":"https:\/\/www.prwrestling.com\/nw\/?p=126288"},"modified":"2020-07-30T21:39:30","modified_gmt":"2020-07-31T01:39:30","slug":"vince-mcmahon-comenta-sobre-las-caidas-en-los-ratings-de-tv","status":"publish","type":"post","link":"https:\/\/www.prwrestling.com\/nw\/vince-mcmahon-comenta-sobre-las-caidas-en-los-ratings-de-tv\/","title":{"rendered":"Vince McMahon comenta sobre las ca\u00eddas en los ratings de TV"},"content":{"rendered":"<p>El presidente y CEO de WWE, <a href=\"https:\/\/www.prwrestling.com\/nw\/moxley-dice-las-diferencias-entre-vince-mcmahon-y-tony-khan\/\">Vince McMahon<\/a>, coment\u00f3 sobre la ca\u00edda en los ratings de la TV y lo que cree que deben hacer para cambiar los n\u00fameros, durante la llamada de ganancias de WWE del segundo trimestre de 2020.<!--more--><div id=\"ad-slot\" style=\"min-width: 300px; min-height: 250px;\">\r\n<p style=\"text-align: center;\">\r\n<script async src=\"https:\/\/pagead2.googlesyndication.com\/pagead\/js\/adsbygoogle.js\"><\/script>\r\n<!-- 300x250 sc a -->\r\n<ins class=\"adsbygoogle\"\r\n     style=\"display:inline-block;width:300px;height:250px\"\r\n     data-ad-client=\"ca-pub-1244235910658811\"\r\n     data-ad-slot=\"8592682546\"><\/ins>\r\n<script>\r\n     (adsbygoogle = window.adsbygoogle || []).push({});\r\n<\/script><\/center>\r\n<\/p><\/div><br \/>\nCurry Baker, de <a href=\"https:\/\/www.guggenheimpartners.com\/services\/securities\" target=\"_blank\" rel=\"noopener\">Guggenheim Securities<\/a>, hizo la pregunta a Vince y reconoci\u00f3 que COVID-19 ha impactado la producci\u00f3n de WWE y el producto en s\u00ed, y le pregunt\u00f3 a Vince qu\u00e9 tan preocupado est\u00e1 con el problema de los ratings y qu\u00e9 informaci\u00f3n tienen los funcionarios de WWE sobre cu\u00e1l es la causa de la disminuci\u00f3n y c\u00f3mo se solucionar\u00e1.<\/p>\n<p>&#8220;En lo que respecta a los ratings, una vez m\u00e1s, m\u00e1s que cualquier otro deporte, seguramente nuestra audiencia es parte del programa&#8221;, dijo Vince. &#8220;Es la interacci\u00f3n con el p\u00fablico lo que siempre es una ventaja. Una vez m\u00e1s, se remonta al origen de este g\u00e9nero, en t\u00e9rminos de &#8216;yay y boo&#8217;. Por lo tanto, la audiencia es parte integral de nuestro \u00e9xito y nuestros ratings de televisi\u00f3n. Nuevamente, debido a la interacci\u00f3n o falta de ella,&#8221; dijo McMahon.<br \/>\n<div id=\"ad-slot\" style=\"min-width: 300px; min-height: 250px;\"><p style=\"text-align: center;\">\r\n<script async src=\"https:\/\/pagead2.googlesyndication.com\/pagead\/js\/adsbygoogle.js\"><\/script>\r\n<!-- Responsive sc c -->\r\n<ins class=\"adsbygoogle\"\r\n     style=\"display:block\"\r\n     data-ad-client=\"ca-pub-1244235910658811\"\r\n     data-ad-slot=\"4234005358\"\r\n     data-ad-format=\"auto\"\r\n     data-full-width-responsive=\"true\"><\/ins>\r\n<script>\r\n     (adsbygoogle = window.adsbygoogle || []).push({});\r\n<\/script><\/p><\/div><br \/>\nVince continu\u00f3 y se expres\u00f3 de lo que la compa\u00f1\u00eda puede hacer para ayudar a cambiar las cosas.<\/p>\n<p>&#8220;A pesar de eso, creo que podemos tener personajes m\u00e1s convincentes, mejores historias, nuevos personajes llegando a donde estamos ahora y m\u00e1s contenido que no necesariamente est\u00e1 en el ring, sino uno que se centre en nuestras personalidades y su historia fuera del ring&#8221;, dijo Vince.<\/p>\n","protected":false},"excerpt":{"rendered":"<p>El presidente y CEO de WWE, Vince McMahon, coment\u00f3 sobre la ca\u00edda en los ratings de la TV y lo que cree que deben hacer para cambiar los n\u00fameros, durante la llamada de ganancias de WWE del segundo trimestre de 2020.<\/p>\n","protected":false},"author":1,"featured_media":123837,"comment_status":"open","ping_status":"closed","sticky":false,"template":"","format":"standard","meta":{"footnotes":""},"categories":[5,38],"tags":[1359,9],"class_list":{"0":"post-126288","1":"post","2":"type-post","3":"status-publish","4":"format-standard","5":"has-post-thumbnail","7":"category-noticias","8":"category-noticias-y-rumores-de-la-wwe","9":"tag-vince-mcmahon","10":"tag-wwe"},"_links":{"self":[{"href":"https:\/\/www.prwrestling.com\/nw\/wp-json\/wp\/v2\/posts\/126288","targetHints":{"allow":["GET"]}}],"collection":[{"href":"https:\/\/www.prwrestling.com\/nw\/wp-json\/wp\/v2\/posts"}],"about":[{"href":"https:\/\/www.prwrestling.com\/nw\/wp-json\/wp\/v2\/types\/post"}],"author":[{"embeddable":true,"href":"https:\/\/www.prwrestling.com\/nw\/wp-json\/wp\/v2\/users\/1"}],"replies":[{"embeddable":true,"href":"https:\/\/www.prwrestling.com\/nw\/wp-json\/wp\/v2\/comments?post=126288"}],"version-history":[{"count":1,"href":"https:\/\/www.prwrestling.com\/nw\/wp-json\/wp\/v2\/posts\/126288\/revisions"}],"predecessor-version":[{"id":126289,"href":"https:\/\/www.prwrestling.com\/nw\/wp-json\/wp\/v2\/posts\/126288\/revisions\/126289"}],"wp:featuredmedia":[{"embeddable":true,"href":"https:\/\/www.prwrestling.com\/nw\/wp-json\/wp\/v2\/media\/123837"}],"wp:attachment":[{"href":"https:\/\/www.prwrestling.com\/nw\/wp-json\/wp\/v2\/media?parent=126288"}],"wp:term":[{"taxonomy":"category","embeddable":true,"href":"https:\/\/www.prwrestling.com\/nw\/wp-json\/wp\/v2\/categories?post=126288"},{"taxonomy":"post_tag","embeddable":true,"href":"https:\/\/www.prwrestling.com\/nw\/wp-json\/wp\/v2\/tags?post=126288"}],"curies":[{"name":"wp","href":"https:\/\/api.w.org\/{rel}","templated":true}]}}