{"id":126298,"date":"2020-07-31T17:56:27","date_gmt":"2020-07-31T21:56:27","guid":{"rendered":"https:\/\/www.prwrestling.com\/nw\/?p=126298"},"modified":"2020-07-31T17:58:54","modified_gmt":"2020-07-31T21:58:54","slug":"mvp-no-quiso-repetir-el-nation-of-domination","status":"publish","type":"post","link":"https:\/\/www.prwrestling.com\/nw\/mvp-no-quiso-repetir-el-nation-of-domination\/","title":{"rendered":"MVP no quiso repetir el Nation of Domination"},"content":{"rendered":"<p>Se rumoreaba que MVP iba a ser parte importante en un renovado de Nation Of Domination. <!--more--><div id=\"ad-slot\" style=\"min-width: 300px; min-height: 250px;\">\r\n<p style=\"text-align: center;\">\r\n<script async src=\"https:\/\/pagead2.googlesyndication.com\/pagead\/js\/adsbygoogle.js\"><\/script>\r\n<!-- 300x250 sc a -->\r\n<ins class=\"adsbygoogle\"\r\n     style=\"display:inline-block;width:300px;height:250px\"\r\n     data-ad-client=\"ca-pub-1244235910658811\"\r\n     data-ad-slot=\"8592682546\"><\/ins>\r\n<script>\r\n     (adsbygoogle = window.adsbygoogle || []).push({});\r\n<\/script><\/center>\r\n<\/p><\/div><br \/>\nEsta idea fue descartada, y MVP dice que no ten\u00eda inter\u00e9s en ser parte de esa facci\u00f3n cuando se le pregunt\u00f3 en Say Less con Kaz y Lowkey.<\/p>\n<p>&#8220;No, no, la respuesta corta es no, porque he estado escuchando la charla y he estado viendo eso y no quiero hacer nada nuevo. El Nation se hizo, fue incre\u00edble en el momento en que se hizo. Era necesario, se hicieron estrellas &#8220;.<\/p>\n<p>&#8220;No quiero repetir algo m\u00e1s, quiero traer algo nuevo, y no necesariamente, en nuestro enfoque de The Hurt Business, Bobby y yo, como saben, somos amigos leg\u00edtimos lejos de la lucha libre. Shelton es uno de mis amigos m\u00e1s cercanos. Simplemente me gusta ganar dinero con mis amigos, \u00bfsabes lo que digo?,\u201d expres\u00f3.<\/p>\n<p>MVP a\u00f1adi\u00f3 que no le gustar\u00eda que el tema de la raza sea parte de su grupo.<br \/>\n<div id=\"ad-slot\" style=\"min-width: 300px; min-height: 250px;\"><p style=\"text-align: center;\">\r\n<script async src=\"https:\/\/pagead2.googlesyndication.com\/pagead\/js\/adsbygoogle.js\"><\/script>\r\n<!-- Responsive sc c -->\r\n<ins class=\"adsbygoogle\"\r\n     style=\"display:block\"\r\n     data-ad-client=\"ca-pub-1244235910658811\"\r\n     data-ad-slot=\"4234005358\"\r\n     data-ad-format=\"auto\"\r\n     data-full-width-responsive=\"true\"><\/ins>\r\n<script>\r\n     (adsbygoogle = window.adsbygoogle || []).push({});\r\n<\/script><\/p><\/div><br \/>\n&#8220;No estamos tratando de hacer una declaraci\u00f3n sobre la raza. Estamos tratando de hacer una declaraci\u00f3n, y en nuestro caso, lo que estamos tratando de hacer, no se trata de blanco o negro, se trata de oro y verde, y en ese punto, me encanta el hecho de que hay hombres j\u00f3venes de color que pueden mirarnos y decir: &#8216;Oh, quiero ser como ellos&#8217; porque cuando era ni\u00f1o, sol\u00eda ser como Rocky Johnson y Tony Atlas. \u2018Hombre, cuando sea grande, quiero lucir as\u00ed. Quiero ser como ellos,&#8221; dijo.<\/p>\n","protected":false},"excerpt":{"rendered":"<p>Se rumoreaba que MVP iba a ser parte importante en un renovado de Nation Of Domination.<\/p>\n","protected":false},"author":1,"featured_media":126041,"comment_status":"open","ping_status":"closed","sticky":false,"template":"","format":"standard","meta":{"footnotes":""},"categories":[5,38],"tags":[5254],"class_list":{"0":"post-126298","1":"post","2":"type-post","3":"status-publish","4":"format-standard","5":"has-post-thumbnail","7":"category-noticias","8":"category-noticias-y-rumores-de-la-wwe","9":"tag-wwe-mvp"},"_links":{"self":[{"href":"https:\/\/www.prwrestling.com\/nw\/wp-json\/wp\/v2\/posts\/126298","targetHints":{"allow":["GET"]}}],"collection":[{"href":"https:\/\/www.prwrestling.com\/nw\/wp-json\/wp\/v2\/posts"}],"about":[{"href":"https:\/\/www.prwrestling.com\/nw\/wp-json\/wp\/v2\/types\/post"}],"author":[{"embeddable":true,"href":"https:\/\/www.prwrestling.com\/nw\/wp-json\/wp\/v2\/users\/1"}],"replies":[{"embeddable":true,"href":"https:\/\/www.prwrestling.com\/nw\/wp-json\/wp\/v2\/comments?post=126298"}],"version-history":[{"count":3,"href":"https:\/\/www.prwrestling.com\/nw\/wp-json\/wp\/v2\/posts\/126298\/revisions"}],"predecessor-version":[{"id":126302,"href":"https:\/\/www.prwrestling.com\/nw\/wp-json\/wp\/v2\/posts\/126298\/revisions\/126302"}],"wp:featuredmedia":[{"embeddable":true,"href":"https:\/\/www.prwrestling.com\/nw\/wp-json\/wp\/v2\/media\/126041"}],"wp:attachment":[{"href":"https:\/\/www.prwrestling.com\/nw\/wp-json\/wp\/v2\/media?parent=126298"}],"wp:term":[{"taxonomy":"category","embeddable":true,"href":"https:\/\/www.prwrestling.com\/nw\/wp-json\/wp\/v2\/categories?post=126298"},{"taxonomy":"post_tag","embeddable":true,"href":"https:\/\/www.prwrestling.com\/nw\/wp-json\/wp\/v2\/tags?post=126298"}],"curies":[{"name":"wp","href":"https:\/\/api.w.org\/{rel}","templated":true}]}}