{"id":126555,"date":"2020-08-13T19:00:17","date_gmt":"2020-08-13T23:00:17","guid":{"rendered":"https:\/\/www.prwrestling.com\/nw\/?p=126555"},"modified":"2020-08-20T21:50:20","modified_gmt":"2020-08-21T01:50:20","slug":"rumorada-lucha-de-aj-styles-para-summerslam","status":"publish","type":"post","link":"https:\/\/www.prwrestling.com\/nw\/rumorada-lucha-de-aj-styles-para-summerslam\/","title":{"rendered":"Rumorada lucha de AJ Styles para SummerSlam"},"content":{"rendered":"<p>WWE est\u00e1 dando los toques finales a SummerSlam, y eso incluye las luchas a celebrarse en el evento. <!--more--><div id=\"ad-slot\" style=\"min-width: 300px; min-height: 250px;\">\r\n<p style=\"text-align: center;\">\r\n<!-- Site name: prwrestling.com\r\nZone name: prwrestling.com_banner_300x250\r\nZone id: 2109741734\r\nType: banner\r\nFormat: 300x250\r\n --> \r\n\r\n<!-- Copy and paste this code on the page. -->\r\n<div id='zone_2109741734' ><\/div>\r\n<script>\r\n    (function(w,d,o,g,r,a,m){\r\n        var cid='zone_2109741734';\r\n        w[r]=w[r]||function(){(w[r+'l']=w[r+'l']||[]).push(arguments)};\r\n        function e(b,w,r){if((w[r+'h']=b.pop())&&!w.ABN){\r\n            var a=d.createElement(o),p=d.getElementsByTagName(o)[0];a.async=1;\r\n            a.src='https:\/\/cdn.'+w[r+'h']+'\/libs\/e.js';a.onerror=function(){e(g,w,r)};\r\n            p.parentNode.insertBefore(a,p)}}e(g,w,r);\r\n        w[r](cid,{id:2109741734,domain:w[r+'h']});\r\n    })(window,document,'script',['traffmovie.com'],'ABNS');\r\n<\/script>\r\n\r\n<!--\r\nWhen setting the zone code, make sure:\r\n  - you have provided all domains from which the area code will be called\r\n  - the site does not limit the loading in the Content Security Policy\r\n  - the area code is installed in the ad space inside the page\r\n  - site layout allows you to display the banner on mobile devices in full size\r\nUse data-cp1={customParam1} data-cp2={customParam2}... attributes for sending custom params\r\n-->\r\n<\/p><\/div><br \/>\nAJ Styles es el actual Campe\u00f3n Intercontinental, pero no est\u00e1 en ninguna ri\u00f1a espec\u00edfica.<\/p>\n<p>Seg\u00fan PW Insider, Styles est\u00e1 programado para enfrentarse a Jeff Hardy en SummerSlam. La empresa no tiene mucho tiempo para poner las ruedas en movimiento asi que se espera que podamos ver algo en esta direcci\u00f3n desde este viernes en Smackdown.<\/p>\n<p>Adem\u00e1s, se inform\u00f3 que este \u00e1ngulo era la direcci\u00f3n planificada para el episodio de SmackDown que estaba programado para ser grabado la semana pasada, pero fue cancelado.<br \/>\n<div id=\"ad-slot\" style=\"min-width: 300px; min-height: 250px;\"><p style=\"text-align: center;\">\r\n<script async src=\"https:\/\/pagead2.googlesyndication.com\/pagead\/js\/adsbygoogle.js\"><\/script>\r\n<!-- Responsive sc c -->\r\n<ins class=\"adsbygoogle\"\r\n     style=\"display:block\"\r\n     data-ad-client=\"ca-pub-1244235910658811\"\r\n     data-ad-slot=\"4234005358\"\r\n     data-ad-format=\"auto\"\r\n     data-full-width-responsive=\"true\"><\/ins>\r\n<script>\r\n     (adsbygoogle = window.adsbygoogle || []).push({});\r\n<\/script><\/p><\/div><br \/>\nRecientemente se pens\u00f3 que Matt Riddle estar\u00eda en l\u00ednea para enfrentarse a AJ Styles en SummerSlam luego de tener un choque no titular en Smackdown. Riddle sin embargo est\u00e1 participando actualmente en una ri\u00f1a con King Corbin. <\/p>\n","protected":false},"excerpt":{"rendered":"<p>WWE est\u00e1 dando los toques finales a SummerSlam, y eso incluye las luchas a celebrarse en el evento.<\/p>\n","protected":false},"author":1,"featured_media":123497,"comment_status":"open","ping_status":"closed","sticky":false,"template":"","format":"standard","meta":{"footnotes":""},"categories":[5,38],"tags":[9,5394],"class_list":["post-126555","post","type-post","status-publish","format-standard","has-post-thumbnail","category-noticias","category-noticias-y-rumores-de-la-wwe","tag-wwe","tag-wwe-summerslam"],"_links":{"self":[{"href":"https:\/\/www.prwrestling.com\/nw\/wp-json\/wp\/v2\/posts\/126555","targetHints":{"allow":["GET"]}}],"collection":[{"href":"https:\/\/www.prwrestling.com\/nw\/wp-json\/wp\/v2\/posts"}],"about":[{"href":"https:\/\/www.prwrestling.com\/nw\/wp-json\/wp\/v2\/types\/post"}],"author":[{"embeddable":true,"href":"https:\/\/www.prwrestling.com\/nw\/wp-json\/wp\/v2\/users\/1"}],"replies":[{"embeddable":true,"href":"https:\/\/www.prwrestling.com\/nw\/wp-json\/wp\/v2\/comments?post=126555"}],"version-history":[{"count":1,"href":"https:\/\/www.prwrestling.com\/nw\/wp-json\/wp\/v2\/posts\/126555\/revisions"}],"predecessor-version":[{"id":126693,"href":"https:\/\/www.prwrestling.com\/nw\/wp-json\/wp\/v2\/posts\/126555\/revisions\/126693"}],"wp:featuredmedia":[{"embeddable":true,"href":"https:\/\/www.prwrestling.com\/nw\/wp-json\/wp\/v2\/media\/123497"}],"wp:attachment":[{"href":"https:\/\/www.prwrestling.com\/nw\/wp-json\/wp\/v2\/media?parent=126555"}],"wp:term":[{"taxonomy":"category","embeddable":true,"href":"https:\/\/www.prwrestling.com\/nw\/wp-json\/wp\/v2\/categories?post=126555"},{"taxonomy":"post_tag","embeddable":true,"href":"https:\/\/www.prwrestling.com\/nw\/wp-json\/wp\/v2\/tags?post=126555"}],"curies":[{"name":"wp","href":"https:\/\/api.w.org\/{rel}","templated":true}]}}