{"id":127370,"date":"2020-09-24T14:58:15","date_gmt":"2020-09-24T18:58:15","guid":{"rendered":"https:\/\/www.prwrestling.com\/nw\/?p=127370"},"modified":"2020-09-24T14:58:15","modified_gmt":"2020-09-24T18:58:15","slug":"naomi-fue-operada","status":"publish","type":"post","link":"https:\/\/www.prwrestling.com\/nw\/naomi-fue-operada\/","title":{"rendered":"Naomi fue operada"},"content":{"rendered":"<p>Naomi actualiz\u00f3 su historia de Instagram para incluir una foto de ella misma en una cama de hospital.<!--more--><div id=\"ad-slot\" style=\"min-width: 300px; min-height: 250px;\">\r\n<p style=\"text-align: center;\">\r\n<script async src=\"https:\/\/pagead2.googlesyndication.com\/pagead\/js\/adsbygoogle.js\"><\/script>\r\n<!-- 300x250 sc a -->\r\n<ins class=\"adsbygoogle\"\r\n     style=\"display:inline-block;width:300px;height:250px\"\r\n     data-ad-client=\"ca-pub-1244235910658811\"\r\n     data-ad-slot=\"8592682546\"><\/ins>\r\n<script>\r\n     (adsbygoogle = window.adsbygoogle || []).push({});\r\n<\/script><\/center>\r\n<\/p><\/div><br \/>\nLa luchadora de la WWE explic\u00f3 que necesit\u00f3 cirug\u00eda para extirpar un fibroma que le estaba causando muchos problemas.<\/p>\n<p>\u201cEn medio del hurac\u00e1n Sally y COVID tambi\u00e9n me somet\u00ed a una cirug\u00eda inesperada de 6 horas para finalmente extirpar un fibroma masivo que me caus\u00f3 anemia severa, fatiga, dolores abdominales horribles y m\u00e1s problemas que ni siquiera quiero mencionar durante el \u00faltimo a\u00f1o y medio .<\/p>\n<p>&#8220;Me estoy recuperando bien. Estoy aliviada y ya me siento mucho mejor. As\u00ed que la familia y los fans no se preocupen, estoy bien. Lol, los extra\u00f1o,&#8221; expres\u00f3.<\/p>\n","protected":false},"excerpt":{"rendered":"<p>Naomi actualiz\u00f3 su historia de Instagram para incluir una foto de ella misma en una cama de hospital.<\/p>\n","protected":false},"author":1,"featured_media":127371,"comment_status":"open","ping_status":"closed","sticky":false,"template":"","format":"standard","meta":{"footnotes":""},"categories":[5,38],"tags":[],"class_list":{"0":"post-127370","1":"post","2":"type-post","3":"status-publish","4":"format-standard","5":"has-post-thumbnail","7":"category-noticias","8":"category-noticias-y-rumores-de-la-wwe"},"_links":{"self":[{"href":"https:\/\/www.prwrestling.com\/nw\/wp-json\/wp\/v2\/posts\/127370","targetHints":{"allow":["GET"]}}],"collection":[{"href":"https:\/\/www.prwrestling.com\/nw\/wp-json\/wp\/v2\/posts"}],"about":[{"href":"https:\/\/www.prwrestling.com\/nw\/wp-json\/wp\/v2\/types\/post"}],"author":[{"embeddable":true,"href":"https:\/\/www.prwrestling.com\/nw\/wp-json\/wp\/v2\/users\/1"}],"replies":[{"embeddable":true,"href":"https:\/\/www.prwrestling.com\/nw\/wp-json\/wp\/v2\/comments?post=127370"}],"version-history":[{"count":0,"href":"https:\/\/www.prwrestling.com\/nw\/wp-json\/wp\/v2\/posts\/127370\/revisions"}],"wp:featuredmedia":[{"embeddable":true,"href":"https:\/\/www.prwrestling.com\/nw\/wp-json\/wp\/v2\/media\/127371"}],"wp:attachment":[{"href":"https:\/\/www.prwrestling.com\/nw\/wp-json\/wp\/v2\/media?parent=127370"}],"wp:term":[{"taxonomy":"category","embeddable":true,"href":"https:\/\/www.prwrestling.com\/nw\/wp-json\/wp\/v2\/categories?post=127370"},{"taxonomy":"post_tag","embeddable":true,"href":"https:\/\/www.prwrestling.com\/nw\/wp-json\/wp\/v2\/tags?post=127370"}],"curies":[{"name":"wp","href":"https:\/\/api.w.org\/{rel}","templated":true}]}}