{"id":127373,"date":"2020-09-24T22:28:19","date_gmt":"2020-09-25T02:28:19","guid":{"rendered":"https:\/\/www.prwrestling.com\/nw\/?p=127373"},"modified":"2020-09-24T22:31:30","modified_gmt":"2020-09-25T02:31:30","slug":"wwe-reconoce-casos-positivos-de-covid-19","status":"publish","type":"post","link":"https:\/\/www.prwrestling.com\/nw\/wwe-reconoce-casos-positivos-de-covid-19\/","title":{"rendered":"WWE reconoce casos positivos de COVID-19"},"content":{"rendered":"<p>Los rumores de un reciente brote de COVID-19 entre los talentos de NXT en el <a href=\"http:\/\/wwe.com\" target=\"_blank\" rel=\"noopener\">WWE<\/a> Performance Center se hicieron realidad el jueves por la noche cuando WWE emiti\u00f3 un comunicado reconociendo de alguna manera algunas pruebas positivas.<!--more--><div id=\"ad-slot\" style=\"min-width: 300px; min-height: 250px;\">\r\n<p style=\"text-align: center;\">\r\n<script async src=\"https:\/\/pagead2.googlesyndication.com\/pagead\/js\/adsbygoogle.js\"><\/script>\r\n<!-- 300x250 sc a -->\r\n<ins class=\"adsbygoogle\"\r\n     style=\"display:inline-block;width:300px;height:250px\"\r\n     data-ad-client=\"ca-pub-1244235910658811\"\r\n     data-ad-slot=\"8592682546\"><\/ins>\r\n<script>\r\n     (adsbygoogle = window.adsbygoogle || []).push({});\r\n<\/script><\/center>\r\n<\/p><\/div><br \/>\n\u201cComo parte de los protocolos de prueba en curso, WWE complet\u00f3 su segunda ronda de pruebas semanales de <a href=\"https:\/\/www.cdc.gov\/coronavirus\/2019-ncov\/index.html\" target=\"_blank\" rel=\"noopener\">COVID-19<\/a> el martes. Las personas que dieron positivo en la prueba se pondr\u00e1n en cuarentena durante 14 d\u00edas, recibir\u00e1n atenci\u00f3n m\u00e9dica y solo ser\u00e1n aprobadas cuando no presenten s\u00edntomas y den negativo. Adem\u00e1s, se ha realizado un seguimiento exhaustivo de los contactos y se ha puesto a otras personas en cuarentena de 14 d\u00edas, y solo se les dar\u00e1 el visto bueno despu\u00e9s de que den negativo en la prueba &#8220;.<\/p>\n<p>WWE no dio a conocer ninguna informaci\u00f3n sobre la cantidad de talentos que dieron positivo y no puede revelar nombres debido a las leyes de HIPAA.<\/p>\n<p><a href=\"http:\/\/pwinsider.com\" target=\"_blank\" rel=\"noopener\">PW Insider<\/a> inform\u00f3 que los entrenamientos han sido detenidos en el Performance Center a partir del jueves.<br \/>\n<div id=\"ad-slot\" style=\"min-width: 300px; min-height: 250px;\"><p style=\"text-align: center;\">\r\n<script async src=\"https:\/\/pagead2.googlesyndication.com\/pagead\/js\/adsbygoogle.js\"><\/script>\r\n<!-- Responsive sc c -->\r\n<ins class=\"adsbygoogle\"\r\n     style=\"display:block\"\r\n     data-ad-client=\"ca-pub-1244235910658811\"\r\n     data-ad-slot=\"4234005358\"\r\n     data-ad-format=\"auto\"\r\n     data-full-width-responsive=\"true\"><\/ins>\r\n<script>\r\n     (adsbygoogle = window.adsbygoogle || []).push({});\r\n<\/script><\/p><\/div><\/p>\n<h2><strong>Reportan contagio sucedi\u00f3 en fiesta<\/strong><\/h2>\n<p>Seg\u00fan PW Insider, la creencia es que personas asintom\u00e1ticas en la fiesta transfirieron el virus a otras personas y desde all\u00ed se propag\u00f3.<\/p>\n<p>\u201cLa creencia de varias fuentes es que el brote comenz\u00f3 despu\u00e9s de que un talento de NXT organizara una fiesta a la que asistieron compa\u00f1eros aprendices, lo que provoc\u00f3 una transmisi\u00f3n asintom\u00e1tica del virus que luego se extendi\u00f3 entre quienes trabajan y entrenan en el Performance Center\u201d.<\/p>\n","protected":false},"excerpt":{"rendered":"<p>Los rumores de un reciente brote de COVID-19 entre los talentos de NXT en el WWE Performance Center se hicieron realidad el jueves por la noche cuando WWE emiti\u00f3 un comunicado reconociendo de alguna manera algunas pruebas positivas.<\/p>\n","protected":false},"author":1,"featured_media":125283,"comment_status":"open","ping_status":"closed","sticky":false,"template":"","format":"standard","meta":{"footnotes":""},"categories":[5,38],"tags":[9],"class_list":{"0":"post-127373","1":"post","2":"type-post","3":"status-publish","4":"format-standard","5":"has-post-thumbnail","7":"category-noticias","8":"category-noticias-y-rumores-de-la-wwe","9":"tag-wwe"},"_links":{"self":[{"href":"https:\/\/www.prwrestling.com\/nw\/wp-json\/wp\/v2\/posts\/127373","targetHints":{"allow":["GET"]}}],"collection":[{"href":"https:\/\/www.prwrestling.com\/nw\/wp-json\/wp\/v2\/posts"}],"about":[{"href":"https:\/\/www.prwrestling.com\/nw\/wp-json\/wp\/v2\/types\/post"}],"author":[{"embeddable":true,"href":"https:\/\/www.prwrestling.com\/nw\/wp-json\/wp\/v2\/users\/1"}],"replies":[{"embeddable":true,"href":"https:\/\/www.prwrestling.com\/nw\/wp-json\/wp\/v2\/comments?post=127373"}],"version-history":[{"count":2,"href":"https:\/\/www.prwrestling.com\/nw\/wp-json\/wp\/v2\/posts\/127373\/revisions"}],"predecessor-version":[{"id":127375,"href":"https:\/\/www.prwrestling.com\/nw\/wp-json\/wp\/v2\/posts\/127373\/revisions\/127375"}],"wp:featuredmedia":[{"embeddable":true,"href":"https:\/\/www.prwrestling.com\/nw\/wp-json\/wp\/v2\/media\/125283"}],"wp:attachment":[{"href":"https:\/\/www.prwrestling.com\/nw\/wp-json\/wp\/v2\/media?parent=127373"}],"wp:term":[{"taxonomy":"category","embeddable":true,"href":"https:\/\/www.prwrestling.com\/nw\/wp-json\/wp\/v2\/categories?post=127373"},{"taxonomy":"post_tag","embeddable":true,"href":"https:\/\/www.prwrestling.com\/nw\/wp-json\/wp\/v2\/tags?post=127373"}],"curies":[{"name":"wp","href":"https:\/\/api.w.org\/{rel}","templated":true}]}}