{"id":127621,"date":"2020-10-08T17:53:10","date_gmt":"2020-10-08T21:53:10","guid":{"rendered":"https:\/\/www.prwrestling.com\/nw\/?p=127621"},"modified":"2020-10-08T17:53:10","modified_gmt":"2020-10-08T21:53:10","slug":"kairi-sane-dice-sus-anos-en-estados-unidos-fueron-los-mas-oscuros-de-su-vida","status":"publish","type":"post","link":"https:\/\/www.prwrestling.com\/nw\/kairi-sane-dice-sus-anos-en-estados-unidos-fueron-los-mas-oscuros-de-su-vida\/","title":{"rendered":"Kairi Sane dice sus a\u00f1os en Estados Unidos fueron &#8220;los m\u00e1s oscuros&#8221; de su vida"},"content":{"rendered":"<p>Kairi Sane est\u00e1 de regreso a Jap\u00f3n en donde se desempe\u00f1ar\u00e1 en un papel promocional para la <a href=\"http:\/\/wwe.com\" target=\"_blank\" rel=\"noopener\">WWE<\/a>.<!--more--> La luchadora habl\u00f3 con <a href=\"https:\/\/www.tokyo-sports.co.jp\/prores\/2257917\/\" target=\"_blank\" rel=\"noopener\">Tokyo Sports<\/a> sobre su transici\u00f3n de vuelta a su tierra natal y su experiencia en los Estados Unidos. <div id=\"ad-slot\" style=\"min-width: 300px; min-height: 250px;\">\r\n<p style=\"text-align: center;\">\r\n<script async src=\"https:\/\/pagead2.googlesyndication.com\/pagead\/js\/adsbygoogle.js\"><\/script>\r\n<!-- 300x250 sc a -->\r\n<ins class=\"adsbygoogle\"\r\n     style=\"display:inline-block;width:300px;height:250px\"\r\n     data-ad-client=\"ca-pub-1244235910658811\"\r\n     data-ad-slot=\"8592682546\"><\/ins>\r\n<script>\r\n     (adsbygoogle = window.adsbygoogle || []).push({});\r\n<\/script><\/center>\r\n<\/p><\/div><br \/>\n\u201cFueron los tres a\u00f1os m\u00e1s oscuros de mi vida. Por supuesto, esta es la primera vez que vivo en el extranjero. Pude obtener resultados, pero fueron tres a\u00f1os realmente dif\u00edciles,\u201d dijo la luchadora.<\/p>\n<p>En su trabajo en la WWE, su reto m\u00e1s grande era la presi\u00f3n tras bastidores los d\u00edas de las transmisiones en vivo. &#8220;Ten\u00edamos que responder con flexibilidad. Por ejemplo, justo antes de entrar al lugar, de repente me piden que &#8220;me conectara a un micr\u00f3fono para improvisar durante el siguiente minuto&#8221;. O cuando almorzaba tranquilamente, me dec\u00edan: &#8220;Est\u00e1s en la primera lucha, sal ahora&#8221;.<br \/>\n<div id=\"ad-slot\" style=\"min-width: 300px; min-height: 250px;\"><p style=\"text-align: center;\">\r\n<script async src=\"https:\/\/pagead2.googlesyndication.com\/pagead\/js\/adsbygoogle.js\"><\/script>\r\n<!-- Responsive sc c -->\r\n<ins class=\"adsbygoogle\"\r\n     style=\"display:block\"\r\n     data-ad-client=\"ca-pub-1244235910658811\"\r\n     data-ad-slot=\"4234005358\"\r\n     data-ad-format=\"auto\"\r\n     data-full-width-responsive=\"true\"><\/ins>\r\n<script>\r\n     (adsbygoogle = window.adsbygoogle || []).push({});\r\n<\/script><\/p><\/div><br \/>\nKairi revel\u00f3 cu\u00e1ndo decidi\u00f3 que ten\u00eda que regresar a Jap\u00f3n: \u201cCuando se acercaba el punto de inflexi\u00f3n de 3 a\u00f1os, la situaci\u00f3n cambi\u00f3 por completo por el corona y tuve tiempo para pensar en ello. He estado casada y tengo mi edad, pero lo primero que pens\u00e9 fue &#8220;Creo que no podr\u00eda hacer lo que podr\u00eda hacer con mi propio potencial&#8221;.<\/p>\n<p>\u201cEn realidad, se supon\u00eda que mi esposo dejar\u00eda su trabajo y se ir\u00eda a los Estados Unidos. \u00bfMe enoj\u00e9? En absoluto. No me enfado mucho, aunque soy el tipo de persona que siempre ha apoyado mis sue\u00f1os y estoy agradecida por eso,\u201d dijo.<\/p>\n<p><i><span style=\"font-weight: 400;\"><strong>PRWrestling<\/strong> te trae las \u00faltimas <strong><a href=\"https:\/\/www.prwrestling.com\/nw\/noticias-wwe\/\">noticias de WWE<\/a>.<\/strong> Recuerda que tendremos rumores, predicciones y resultados de <a href=\"http:\/\/prwrestling.com\/nw\/tag\/wwe-royal-rumble\" target=\"_blank\" rel=\"noopener\">WWE Royal Rumble 2021<\/a><span style=\"color: #993300;\">,<\/span><\/span> a celebrarse el domingo, 31 de enero.<\/i><\/p>\n","protected":false},"excerpt":{"rendered":"<p>Kairi Sane est\u00e1 de regreso a Jap\u00f3n en donde se desempe\u00f1ar\u00e1 en un papel promocional para la WWE.<\/p>\n","protected":false},"author":1,"featured_media":127622,"comment_status":"open","ping_status":"closed","sticky":false,"template":"","format":"standard","meta":{"footnotes":""},"categories":[5,38],"tags":[5133,9],"class_list":{"0":"post-127621","1":"post","2":"type-post","3":"status-publish","4":"format-standard","5":"has-post-thumbnail","7":"category-noticias","8":"category-noticias-y-rumores-de-la-wwe","9":"tag-kairi-sane","10":"tag-wwe"},"_links":{"self":[{"href":"https:\/\/www.prwrestling.com\/nw\/wp-json\/wp\/v2\/posts\/127621","targetHints":{"allow":["GET"]}}],"collection":[{"href":"https:\/\/www.prwrestling.com\/nw\/wp-json\/wp\/v2\/posts"}],"about":[{"href":"https:\/\/www.prwrestling.com\/nw\/wp-json\/wp\/v2\/types\/post"}],"author":[{"embeddable":true,"href":"https:\/\/www.prwrestling.com\/nw\/wp-json\/wp\/v2\/users\/1"}],"replies":[{"embeddable":true,"href":"https:\/\/www.prwrestling.com\/nw\/wp-json\/wp\/v2\/comments?post=127621"}],"version-history":[{"count":0,"href":"https:\/\/www.prwrestling.com\/nw\/wp-json\/wp\/v2\/posts\/127621\/revisions"}],"wp:featuredmedia":[{"embeddable":true,"href":"https:\/\/www.prwrestling.com\/nw\/wp-json\/wp\/v2\/media\/127622"}],"wp:attachment":[{"href":"https:\/\/www.prwrestling.com\/nw\/wp-json\/wp\/v2\/media?parent=127621"}],"wp:term":[{"taxonomy":"category","embeddable":true,"href":"https:\/\/www.prwrestling.com\/nw\/wp-json\/wp\/v2\/categories?post=127621"},{"taxonomy":"post_tag","embeddable":true,"href":"https:\/\/www.prwrestling.com\/nw\/wp-json\/wp\/v2\/tags?post=127621"}],"curies":[{"name":"wp","href":"https:\/\/api.w.org\/{rel}","templated":true}]}}