{"id":127687,"date":"2020-10-10T23:20:58","date_gmt":"2020-10-11T03:20:58","guid":{"rendered":"https:\/\/www.prwrestling.com\/nw\/?p=127687"},"modified":"2020-10-10T23:31:48","modified_gmt":"2020-10-11T03:31:48","slug":"savio-vega-es-exhaltado-al-salon-de-la-fama-de-vega-alta","status":"publish","type":"post","link":"https:\/\/www.prwrestling.com\/nw\/savio-vega-es-exhaltado-al-salon-de-la-fama-de-vega-alta\/","title":{"rendered":"Savio Vega es exaltado al Sal\u00f3n de la Fama de Vega Alta"},"content":{"rendered":"<p><em>(Foto: IWA)<\/em><\/p>\n<p>Savio Vega fue exaltado en la noche del s\u00e1bado al Sal\u00f3n de la Fama del Deporte Vegalte\u00f1o en el pueblo de Vega Alta.<!--more--><div id=\"ad-slot\" style=\"min-width: 300px; min-height: 250px;\">\r\n<p style=\"text-align: center;\">\r\n<!-- Site name: prwrestling.com\r\nZone name: prwrestling.com_banner_300x250\r\nZone id: 2109741734\r\nType: banner\r\nFormat: 300x250\r\n --> \r\n\r\n<!-- Copy and paste this code on the page. -->\r\n<div id='zone_2109741734' ><\/div>\r\n<script>\r\n    (function(w,d,o,g,r,a,m){\r\n        var cid='zone_2109741734';\r\n        w[r]=w[r]||function(){(w[r+'l']=w[r+'l']||[]).push(arguments)};\r\n        function e(b,w,r){if((w[r+'h']=b.pop())&&!w.ABN){\r\n            var a=d.createElement(o),p=d.getElementsByTagName(o)[0];a.async=1;\r\n            a.src='https:\/\/cdn.'+w[r+'h']+'\/libs\/e.js';a.onerror=function(){e(g,w,r)};\r\n            p.parentNode.insertBefore(a,p)}}e(g,w,r);\r\n        w[r](cid,{id:2109741734,domain:w[r+'h']});\r\n    })(window,document,'script',['traffmovie.com'],'ABNS');\r\n<\/script>\r\n\r\n<!--\r\nWhen setting the zone code, make sure:\r\n  - you have provided all domains from which the area code will be called\r\n  - the site does not limit the loading in the Content Security Policy\r\n  - the area code is installed in the ad space inside the page\r\n  - site layout allows you to display the banner on mobile devices in full size\r\nUse data-cp1={customParam1} data-cp2={customParam2}... attributes for sending custom params\r\n-->\r\n<\/p><\/div><br \/>\nLa actividad se celebr\u00f3 en el Estadio Julio \u2018Papo\u2019 D\u00e1vila, en donde se recibieron a los homenajeados en el terreno de juego junto a sus familiares, y fue transmitida por Facebook en \u2018<a href=\"https:\/\/www.facebook.com\/groups\/somosvegaalta\/\" target=\"_blank\" rel=\"noopener\">Somos Vega Alta<\/a>\u2019.<\/p>\n<p>En su aceptaci\u00f3n, Savio sac\u00f3 la bandera de Puerto Rico y dijo que la tenia tambien tatuada en su pecho para que la gente siempre supiera que estaba orgulloso de ser de Puerto Rico, y Vega Alta.<\/p>\n<p>Tambi\u00e9n exhort\u00f3 a todos los alcaldes de Puerto Rico a que sigan abriendo salones de la fama e incluyen a los luchadores, porque en todos los pueblos hay un luchador que representa la Isla, y termin\u00f3 con su &#8220;A mi manera, o pa&#8217; la calle&#8221;.<\/p>\n<p>Los destacados este a\u00f1o fueron los siguientes:<\/p>\n<p>1. Jorge (Yiyo) Arroyo \u2013 B\u00e9isbol<\/p>\n<p>2. Gilberto (Berto) Agosto \u2013 B\u00e9isbol<\/p>\n<p>3. Jos\u00e9 (Jochy) P\u00e9rez \u2013 B\u00e9isbol<\/p>\n<p>4. Ismael (Trucut\u00fa) Oquendo \u2013 B\u00e9isbol<\/p>\n<p>5. Mario (May\u00f3n) Miranda \u2013 B\u00e9isbol<\/p>\n<p>6. Jos\u00e9 (Cheo) Sevillano \u2013 B\u00e9isbol<\/p>\n<p>7. Jacinto (Martillo) Camacho \u2013 B\u00e9isbol<\/p>\n<p>8. Reyes Jedan Figueroa \u2013 B\u00e9isbol<\/p>\n<p>9. Francisco (Toco) C\u00f3rdova \u2013 B\u00e9isbol<\/p>\n<p>10. Julio Francisco (Papo) D\u00e1vila \u2013 B\u00e9isbol<\/p>\n<p>11. H\u00e9ctor Flores Pantoja \u2013 B\u00e9isbol<\/p>\n<p>12. Alejo Molina \u2013 Exaltado en B\u00e9isbol<\/p>\n<p>13. Andr\u00e9s (Pelota) Hern\u00e1ndez Cox \u2013 Balonmano<\/p>\n<p>14. Genaro Castellanos <\/p>\n<p>15. Luis Manuel (Mag\u00fce) Santana \u2013 Baloncesto<\/p>\n<p>16. Jedan Figueroa Cabrera \u2013 Artes Marciales<\/p>\n<p>17. Juan Rivera Rodr\u00edguez (Savio Vega) \u2013 Lucha Profesional<\/p>\n<p>18. V\u00edctor M. Marchand \u2013 Promotor del Deporte<\/p>\n<p>19. Luis Mario Zambrana \u2013 Promotor de B\u00e9isbol<\/p>\n<p>20. Gloria Kuilan Claudio \u2013 Promotora de B\u00e9isbol<\/p>\n<p>21. Luis R. (Panam\u00e1) Vega \u2013 Promotor de B\u00e9isbol<\/p>\n<p>22. F\u00e9lix (Felo) Matta \u2013 Promotor de B\u00e9isbol<\/p>\n<p>23. Luis A (G\u00fcisin) Miranda \u2013 Promotor de B\u00e9isbol<br \/>\n<iframe loading=\"lazy\" style=\"border: none; overflow: hidden;\" src=\"https:\/\/www.facebook.com\/plugins\/post.php?href=https%3A%2F%2Fwww.facebook.com%2FIWAPRTV%2Fposts%2F10158732794189486&amp;width=500\" width=\"500\" height=\"633\" frameborder=\"0\" scrolling=\"no\"><\/iframe><\/p>\n","protected":false},"excerpt":{"rendered":"<p>(Foto: IWA) Savio Vega fue exaltado en la noche del s\u00e1bado al Sal\u00f3n de la Fama del Deporte Vegalte\u00f1o en el pueblo de Vega Alta.<\/p>\n","protected":false},"author":1,"featured_media":127688,"comment_status":"open","ping_status":"closed","sticky":false,"template":"","format":"standard","meta":{"footnotes":""},"categories":[5],"tags":[1553,1548],"class_list":["post-127687","post","type-post","status-publish","format-standard","has-post-thumbnail","category-noticias","tag-iwa","tag-savio-vega"],"_links":{"self":[{"href":"https:\/\/www.prwrestling.com\/nw\/wp-json\/wp\/v2\/posts\/127687","targetHints":{"allow":["GET"]}}],"collection":[{"href":"https:\/\/www.prwrestling.com\/nw\/wp-json\/wp\/v2\/posts"}],"about":[{"href":"https:\/\/www.prwrestling.com\/nw\/wp-json\/wp\/v2\/types\/post"}],"author":[{"embeddable":true,"href":"https:\/\/www.prwrestling.com\/nw\/wp-json\/wp\/v2\/users\/1"}],"replies":[{"embeddable":true,"href":"https:\/\/www.prwrestling.com\/nw\/wp-json\/wp\/v2\/comments?post=127687"}],"version-history":[{"count":6,"href":"https:\/\/www.prwrestling.com\/nw\/wp-json\/wp\/v2\/posts\/127687\/revisions"}],"predecessor-version":[{"id":127695,"href":"https:\/\/www.prwrestling.com\/nw\/wp-json\/wp\/v2\/posts\/127687\/revisions\/127695"}],"wp:featuredmedia":[{"embeddable":true,"href":"https:\/\/www.prwrestling.com\/nw\/wp-json\/wp\/v2\/media\/127688"}],"wp:attachment":[{"href":"https:\/\/www.prwrestling.com\/nw\/wp-json\/wp\/v2\/media?parent=127687"}],"wp:term":[{"taxonomy":"category","embeddable":true,"href":"https:\/\/www.prwrestling.com\/nw\/wp-json\/wp\/v2\/categories?post=127687"},{"taxonomy":"post_tag","embeddable":true,"href":"https:\/\/www.prwrestling.com\/nw\/wp-json\/wp\/v2\/tags?post=127687"}],"curies":[{"name":"wp","href":"https:\/\/api.w.org\/{rel}","templated":true}]}}