{"id":127787,"date":"2020-10-15T22:22:37","date_gmt":"2020-10-16T02:22:37","guid":{"rendered":"https:\/\/www.prwrestling.com\/nw\/?p=127787"},"modified":"2020-10-15T22:22:37","modified_gmt":"2020-10-16T02:22:37","slug":"ivelisse-comenta-sobre-los-problemas-con-bill-demott-en-fcw","status":"publish","type":"post","link":"https:\/\/www.prwrestling.com\/nw\/ivelisse-comenta-sobre-los-problemas-con-bill-demott-en-fcw\/","title":{"rendered":"Ivelisse comenta sobre los problemas con Bill DeMott en FCW"},"content":{"rendered":"<p>Durante una aparici\u00f3n reciente con Pro Wrestling Junkies, la estrella de AEW, Ivelisse, reflexion\u00f3 sobre su tiempo en FCW, el territorio de desarrollo de WWE (ahora conocido como NXT) y los problemas con el ex entrenador de la WWE, Bill DeMott. <!--more--><div id=\"ad-slot\" style=\"min-width: 300px; min-height: 250px;\">\r\n<p style=\"text-align: center;\">\r\n<script async src=\"https:\/\/pagead2.googlesyndication.com\/pagead\/js\/adsbygoogle.js\"><\/script>\r\n<!-- 300x250 sc a -->\r\n<ins class=\"adsbygoogle\"\r\n     style=\"display:inline-block;width:300px;height:250px\"\r\n     data-ad-client=\"ca-pub-1244235910658811\"\r\n     data-ad-slot=\"8592682546\"><\/ins>\r\n<script>\r\n     (adsbygoogle = window.adsbygoogle || []).push({});\r\n<\/script><\/center>\r\n<\/p><\/div><br \/>\nIvelisse fue una de los primeras en hablar sobre la mala conducta de DeMott, quien luego se vio obligado a renunciar a su cargo.<\/p>\n<p>\u201cEstoy muy agradecida por trabajar con una gran cantidad de grandes agentes que estuvieron all\u00ed como Ricky Steamboat y Norman Smiley. Me quedar\u00e9 con lo positivo y dir\u00e9 que estoy agradecida por esas personas y todos los otros grandes agentes y entrenadores que estuvieron all\u00ed. Trato de absorber todo lo que puedo, y soy muy cerebral cuando se trata de la lucha libre, por lo que mis o\u00eddos siempre est\u00e1n abiertos. <\/p>\n<p>&#8220;Hacia el final, todo el asunto con DeMott realmente tuvo una huella negativa en m\u00ed. Mi tiempo fue interrumpido por todo el asunto, pero nuevamente, no hay nada malo en nada, y estoy realmente agradecida por los aspectos positivos.<br \/>\n<div id=\"ad-slot\" style=\"min-width: 300px; min-height: 250px;\"><p style=\"text-align: center;\">\r\n<script async src=\"https:\/\/pagead2.googlesyndication.com\/pagead\/js\/adsbygoogle.js\"><\/script>\r\n<!-- Responsive sc c -->\r\n<ins class=\"adsbygoogle\"\r\n     style=\"display:block\"\r\n     data-ad-client=\"ca-pub-1244235910658811\"\r\n     data-ad-slot=\"4234005358\"\r\n     data-ad-format=\"auto\"\r\n     data-full-width-responsive=\"true\"><\/ins>\r\n<script>\r\n     (adsbygoogle = window.adsbygoogle || []).push({});\r\n<\/script><\/p><\/div><br \/>\n&#8220;En lo que respecta a defenderme [ante DeMott], eso es solo parte de mi ADN&#8221;, agreg\u00f3 Ivelisse. &#8220;Es algo que se puede cambiar f\u00e1cilmente. Siempre he sido el tipo de persona que&#8230; es muy dif\u00edcil para m\u00ed mantener la boca cerrada cuando siento que alguien me est\u00e1 degradando o falt\u00e1ndome el respeto, o lo que sea y odio la pol\u00edtica y creo en el 100% de profesionalismo de todos por igual.<\/p>\n<p>&#8220;No me gusta cuando alguien abusa de su poder para pisotear a otros&#8221;, continu\u00f3 Ivelisse. &#8220;Es dif\u00edcil para m\u00ed no hacer frente a eso. No solo para m\u00ed, sino tambi\u00e9n para los dem\u00e1s. Es solo una parte de mi ADN. A veces es como si lo hiciera por naturaleza, y luego digo: &#8216;Bueno , lo que sea que venga de eso, que venga. Solo tengo la conciencia tranquila de que hice lo correcto,&#8221; dijo.<\/p>\n","protected":false},"excerpt":{"rendered":"<p>Durante una aparici\u00f3n reciente con Pro Wrestling Junkies, la estrella de AEW, Ivelisse, reflexion\u00f3 sobre su tiempo en FCW, el territorio de desarrollo de WWE (ahora conocido como NXT) y los problemas con el ex entrenador de la WWE, Bill DeMott.<\/p>\n","protected":false},"author":1,"featured_media":112700,"comment_status":"open","ping_status":"closed","sticky":false,"template":"","format":"standard","meta":{"footnotes":""},"categories":[5,1],"tags":[2338,1354],"class_list":{"0":"post-127787","1":"post","2":"type-post","3":"status-publish","4":"format-standard","5":"has-post-thumbnail","7":"category-noticias","8":"category-all-elite-wrestling","9":"tag-ivelisse-velez","10":"tag-aew"},"_links":{"self":[{"href":"https:\/\/www.prwrestling.com\/nw\/wp-json\/wp\/v2\/posts\/127787","targetHints":{"allow":["GET"]}}],"collection":[{"href":"https:\/\/www.prwrestling.com\/nw\/wp-json\/wp\/v2\/posts"}],"about":[{"href":"https:\/\/www.prwrestling.com\/nw\/wp-json\/wp\/v2\/types\/post"}],"author":[{"embeddable":true,"href":"https:\/\/www.prwrestling.com\/nw\/wp-json\/wp\/v2\/users\/1"}],"replies":[{"embeddable":true,"href":"https:\/\/www.prwrestling.com\/nw\/wp-json\/wp\/v2\/comments?post=127787"}],"version-history":[{"count":0,"href":"https:\/\/www.prwrestling.com\/nw\/wp-json\/wp\/v2\/posts\/127787\/revisions"}],"wp:featuredmedia":[{"embeddable":true,"href":"https:\/\/www.prwrestling.com\/nw\/wp-json\/wp\/v2\/media\/112700"}],"wp:attachment":[{"href":"https:\/\/www.prwrestling.com\/nw\/wp-json\/wp\/v2\/media?parent=127787"}],"wp:term":[{"taxonomy":"category","embeddable":true,"href":"https:\/\/www.prwrestling.com\/nw\/wp-json\/wp\/v2\/categories?post=127787"},{"taxonomy":"post_tag","embeddable":true,"href":"https:\/\/www.prwrestling.com\/nw\/wp-json\/wp\/v2\/tags?post=127787"}],"curies":[{"name":"wp","href":"https:\/\/api.w.org\/{rel}","templated":true}]}}