{"id":127870,"date":"2020-10-18T14:01:13","date_gmt":"2020-10-18T18:01:13","guid":{"rendered":"https:\/\/www.prwrestling.com\/nw\/?p=127870"},"modified":"2020-10-18T14:01:13","modified_gmt":"2020-10-18T18:01:13","slug":"bryan-declara-que-ya-no-es-el-luchador-que-alguna-vez-fue","status":"publish","type":"post","link":"https:\/\/www.prwrestling.com\/nw\/bryan-declara-que-ya-no-es-el-luchador-que-alguna-vez-fue\/","title":{"rendered":"Bryan declara que ya no es el luchador que alguna vez fue"},"content":{"rendered":"<p>El ex campe\u00f3n de la WWE Daniel Bryan apareci\u00f3 en la edici\u00f3n del s\u00e1bado de Talking Smack para discutir su regreso a Friday Night SmackDown.<!--more--><div id=\"ad-slot\" style=\"min-width: 300px; min-height: 250px;\">\r\n<p style=\"text-align: center;\">\r\n<script async src=\"https:\/\/pagead2.googlesyndication.com\/pagead\/js\/adsbygoogle.js\"><\/script>\r\n<!-- 300x250 sc a -->\r\n<ins class=\"adsbygoogle\"\r\n     style=\"display:inline-block;width:300px;height:250px\"\r\n     data-ad-client=\"ca-pub-1244235910658811\"\r\n     data-ad-slot=\"8592682546\"><\/ins>\r\n<script>\r\n     (adsbygoogle = window.adsbygoogle || []).push({});\r\n<\/script><\/center>\r\n<\/p><\/div><br \/>\nBryan, quien regres\u00f3 a la WWE por primera vez desde que perdi\u00f3 el Campeonato Intercontinental ante AJ Styles en junio, admiti\u00f3 que tiene &#8220;menos brinco en su paso&#8221; y ya no es el luchador que alguna vez fue.<\/p>\n<p>&#8220;Estoy en un punto ahora, en mi vida y mi carrera, en el que quiero ponerme a prueba contra los mejores jugadores de la WWE&#8221;, dijo Bryan. &#8220;Ya sea contra personas a las que a\u00fan no me he enfrentado, e incluso a personas a las que me he enfrentado, ya que todos hemos evolucionado.<\/p>\n<p>&#8220;Notablemente tengo menos brinco en mi paso a medida que avanza el encuentro, algo de lo que me di cuenta durante mi lucha contra AJ Styles&#8221;, agreg\u00f3 Bryan.<br \/>\n <div id=\"ad-slot\" style=\"min-width: 300px; min-height: 250px;\"><p style=\"text-align: center;\">\r\n<script async src=\"https:\/\/pagead2.googlesyndication.com\/pagead\/js\/adsbygoogle.js\"><\/script>\r\n<!-- Responsive sc c -->\r\n<ins class=\"adsbygoogle\"\r\n     style=\"display:block\"\r\n     data-ad-client=\"ca-pub-1244235910658811\"\r\n     data-ad-slot=\"4234005358\"\r\n     data-ad-format=\"auto\"\r\n     data-full-width-responsive=\"true\"><\/ins>\r\n<script>\r\n     (adsbygoogle = window.adsbygoogle || []).push({});\r\n<\/script><\/p><\/div><br \/>\nBryan revel\u00f3 que ya no puede saltar tan alto a pesar de &#8220;entrenar su trasero&#8221; para prepararse para sus luchas.<\/p>\n<p>&#8220;Nunca antes hab\u00eda tenido un problema de resistencia. Todav\u00eda no me canso, pero m\u00e1s tarde en un una lucha, ya no puedo saltar tan alto, y AJ todav\u00eda puede. Y es gracioso porque \u00e9l es mayor que yo. \u00bfC\u00f3mo es esto justo? Entreno mi trasero&#8221;, brome\u00f3 Bryan.<\/p>\n<p>Como se se\u00f1al\u00f3 anteriormente, Bryan podr\u00eda estar comenzando una nueva rivalidad con Seth Rollins, quien se mud\u00f3 a SmackDown desde Raw durante el Draft de la WWE.<\/p>\n","protected":false},"excerpt":{"rendered":"<p>El ex campe\u00f3n de la WWE Daniel Bryan apareci\u00f3 en la edici\u00f3n del s\u00e1bado de Talking Smack para discutir su regreso a Friday Night SmackDown.<\/p>\n","protected":false},"author":1,"featured_media":109715,"comment_status":"open","ping_status":"closed","sticky":false,"template":"","format":"standard","meta":{"footnotes":""},"categories":[5,38],"tags":[1417,9],"class_list":{"0":"post-127870","1":"post","2":"type-post","3":"status-publish","4":"format-standard","5":"has-post-thumbnail","7":"category-noticias","8":"category-noticias-y-rumores-de-la-wwe","9":"tag-daniel-bryan","10":"tag-wwe"},"_links":{"self":[{"href":"https:\/\/www.prwrestling.com\/nw\/wp-json\/wp\/v2\/posts\/127870","targetHints":{"allow":["GET"]}}],"collection":[{"href":"https:\/\/www.prwrestling.com\/nw\/wp-json\/wp\/v2\/posts"}],"about":[{"href":"https:\/\/www.prwrestling.com\/nw\/wp-json\/wp\/v2\/types\/post"}],"author":[{"embeddable":true,"href":"https:\/\/www.prwrestling.com\/nw\/wp-json\/wp\/v2\/users\/1"}],"replies":[{"embeddable":true,"href":"https:\/\/www.prwrestling.com\/nw\/wp-json\/wp\/v2\/comments?post=127870"}],"version-history":[{"count":0,"href":"https:\/\/www.prwrestling.com\/nw\/wp-json\/wp\/v2\/posts\/127870\/revisions"}],"wp:featuredmedia":[{"embeddable":true,"href":"https:\/\/www.prwrestling.com\/nw\/wp-json\/wp\/v2\/media\/109715"}],"wp:attachment":[{"href":"https:\/\/www.prwrestling.com\/nw\/wp-json\/wp\/v2\/media?parent=127870"}],"wp:term":[{"taxonomy":"category","embeddable":true,"href":"https:\/\/www.prwrestling.com\/nw\/wp-json\/wp\/v2\/categories?post=127870"},{"taxonomy":"post_tag","embeddable":true,"href":"https:\/\/www.prwrestling.com\/nw\/wp-json\/wp\/v2\/tags?post=127870"}],"curies":[{"name":"wp","href":"https:\/\/api.w.org\/{rel}","templated":true}]}}