{"id":12799,"date":"2017-05-03T19:52:45","date_gmt":"2017-05-03T23:52:45","guid":{"rendered":"http:\/\/prwrestling.com\/nw\/?p=12799"},"modified":"2017-05-03T19:52:45","modified_gmt":"2017-05-03T23:52:45","slug":"notas-de-la-wwe-136","status":"publish","type":"post","link":"https:\/\/www.prwrestling.com\/nw\/notas-de-la-wwe-136\/","title":{"rendered":"NOTAS DE LA WWE"},"content":{"rendered":"<p style=\"text-align: center;\"><a href=\"http:\/\/prwrestling.com\/nw\/wp-content\/uploads\/2017\/05\/jericho.png\" target=\"_blank\" rel=\"noopener\"><img loading=\"lazy\" decoding=\"async\" class=\" wp-image-12800 aligncenter\" alt=\"jericho\" src=\"http:\/\/prwrestling.com\/nw\/wp-content\/uploads\/2017\/05\/jericho.png\" width=\"446\" height=\"476\" srcset=\"https:\/\/www.prwrestling.com\/nw\/wp-content\/uploads\/2017\/05\/jericho.png 558w, https:\/\/www.prwrestling.com\/nw\/wp-content\/uploads\/2017\/05\/jericho-281x300.png 281w\" sizes=\"auto, (max-width: 446px) 100vw, 446px\" \/><\/a><\/p>\n<p style=\"text-align: center;\"><em>Luchador mete las patas con foto; Jericho es una &#8220;Cabra&#8217;.<!--more--><\/em><\/p>\n<p>&#8211; Chris Jericho ha dise\u00f1ado una camiseta especial &#8220;#GOAT&#8221; (Greatest Of All Time) como un agradecimiento a sus fans, para honrar su carrera en la WWE que ha tenido en los \u00faltimos 16 meses. Los ingresos de la camiseta ir\u00e1n a beneficiar a la Fundaci\u00f3n de Investigaci\u00f3n de la Diabetes Juvenil.<\/p>\n<p>La camisa se puede ver arriba de este reportaje y se puede comprar por $ 24.99. Jericho comparti\u00f3 el enlace en su p\u00e1gina de Facebook y escribi\u00f3: &#8220;Los ver\u00e9 a todos de nuevo pronto, pero en honor de la carrera incre\u00edble que tuve en los \u00faltimos 16 meses en la WWE he dise\u00f1ado esta camisa oficial #GOAT como un agradecimiento a usted, los amigos de Jericho! Como siempre, los ingresos se destinar\u00e1n al apoyo de la Investigaci\u00f3n sobre la Diabetes Juvenil, JDRF Disponible por s\u00f3lo dos semanas! As\u00ed que, obtenga el suyo ahora en represent.com\/goat!<\/p>\n<p style=\"text-align: center;\">Contin\u00faa abajo<br \/>\n<script type=\"text\/javascript\" src=\"\/\/pagead2.googlesyndication.com\/pagead\/js\/adsbygoogle.js\" async=\"\"><\/script><!-- 300x250 en medio de portajes (manual placement) --> <ins class=\"adsbygoogle\" style=\"display: inline-block; width: 300px; height: 250px;\" data-ad-client=\"ca-pub-1244235910658811\" data-ad-slot=\"8592682546\"><\/ins><script type=\"text\/javascript\">\/\/ <![CDATA[\n(adsbygoogle = window.adsbygoogle || []).push({});\n\/\/ ]]><\/script><\/p>\n<p>&#8211; Titus O&#8217;Neil removi\u00f3 durante el d\u00eda de hoy una foto que hab\u00eda publicado en su cuenta Instagram desde Roma en donde Braun Strowman y Roman Reigns, quienes estan en una violenta ri\u00f1a frente a las c\u00e1maras, estaban compartiendo con otros talentos.<\/p>\n<p>Titus, Strowman, Reigns, Heath Slater, Matt Hardy y Curtis Axel aparecen en la foto posando en el Coliseo romano, horas antes de la WWE presentarse en vivo en el \u00e1rea.<\/p>\n<p>&#8211; Si eres usuario de Facebook podr\u00e1s haber notado que no siempre puedes ver todo el contenido de las paginas que sigues, incluyendo PRWrestling. Como alternativa hemos creado un servicio en donde todas las publicaciones de PRW ser\u00e1n enviada a tu email al momento! Puedes registrarte en el encasillado a continuaci\u00f3n (un mensaje llegara a tu cuenta email para completar el proceso)<br \/>\n[email-subscribers namefield=&#8221;NO&#8221; desc=&#8221;&#8221; group=&#8221;Public&#8221;]<\/p>\n<p style=\"text-align: center;\"><strong>Opina abajo!<\/strong><br \/>\n<script type=\"text\/javascript\" src=\"\/\/pagead2.googlesyndication.com\/pagead\/js\/adsbygoogle.js\" async=\"\"><\/script><!-- 300x250, abajo de reportaje --> <ins class=\"adsbygoogle\" style=\"display: inline-block; width: 300px; height: 250px;\" data-ad-client=\"ca-pub-1244235910658811\" data-ad-slot=\"2438031264\"><\/ins><script type=\"text\/javascript\">\/\/ <![CDATA[\n(adsbygoogle = window.adsbygoogle || []).push({});\n\/\/ ]]><\/script><\/p>\n","protected":false},"excerpt":{"rendered":"<p>Luchador mete las patas con foto; Jericho es una &#8220;Cabra&#8217;.<\/p>\n","protected":false},"author":3,"featured_media":12800,"comment_status":"closed","ping_status":"closed","sticky":false,"template":"","format":"standard","meta":{"footnotes":""},"categories":[5],"tags":[],"class_list":{"0":"post-12799","1":"post","2":"type-post","3":"status-publish","4":"format-standard","5":"has-post-thumbnail","7":"category-noticias"},"_links":{"self":[{"href":"https:\/\/www.prwrestling.com\/nw\/wp-json\/wp\/v2\/posts\/12799","targetHints":{"allow":["GET"]}}],"collection":[{"href":"https:\/\/www.prwrestling.com\/nw\/wp-json\/wp\/v2\/posts"}],"about":[{"href":"https:\/\/www.prwrestling.com\/nw\/wp-json\/wp\/v2\/types\/post"}],"author":[{"embeddable":true,"href":"https:\/\/www.prwrestling.com\/nw\/wp-json\/wp\/v2\/users\/3"}],"replies":[{"embeddable":true,"href":"https:\/\/www.prwrestling.com\/nw\/wp-json\/wp\/v2\/comments?post=12799"}],"version-history":[{"count":1,"href":"https:\/\/www.prwrestling.com\/nw\/wp-json\/wp\/v2\/posts\/12799\/revisions"}],"predecessor-version":[{"id":12801,"href":"https:\/\/www.prwrestling.com\/nw\/wp-json\/wp\/v2\/posts\/12799\/revisions\/12801"}],"wp:featuredmedia":[{"embeddable":true,"href":"https:\/\/www.prwrestling.com\/nw\/wp-json\/wp\/v2\/media\/12800"}],"wp:attachment":[{"href":"https:\/\/www.prwrestling.com\/nw\/wp-json\/wp\/v2\/media?parent=12799"}],"wp:term":[{"taxonomy":"category","embeddable":true,"href":"https:\/\/www.prwrestling.com\/nw\/wp-json\/wp\/v2\/categories?post=12799"},{"taxonomy":"post_tag","embeddable":true,"href":"https:\/\/www.prwrestling.com\/nw\/wp-json\/wp\/v2\/tags?post=12799"}],"curies":[{"name":"wp","href":"https:\/\/api.w.org\/{rel}","templated":true}]}}