{"id":128089,"date":"2020-10-30T14:46:46","date_gmt":"2020-10-30T18:46:46","guid":{"rendered":"https:\/\/www.prwrestling.com\/nw\/?p=128089"},"modified":"2020-10-30T14:46:46","modified_gmt":"2020-10-30T18:46:46","slug":"pac-regresa-el-proximo-miercoles-en-aew-dynamite","status":"publish","type":"post","link":"https:\/\/www.prwrestling.com\/nw\/pac-regresa-el-proximo-miercoles-en-aew-dynamite\/","title":{"rendered":"PAC regresa el pr\u00f3ximo mi\u00e9rcoles en AEW Dynamite"},"content":{"rendered":"<p>AEW acaba de anunciar que PAC &#8220;romper\u00e1 su silencio&#8221; en la edici\u00f3n antes de Full Gear del pr\u00f3ximo mi\u00e9rcoles de Dynamite en TNT.<!--more--><div id=\"ad-slot\" style=\"min-width: 300px; min-height: 250px;\">\r\n<p style=\"text-align: center;\">\r\n<script async src=\"https:\/\/pagead2.googlesyndication.com\/pagead\/js\/adsbygoogle.js\"><\/script>\r\n<!-- 300x250 sc a -->\r\n<ins class=\"adsbygoogle\"\r\n     style=\"display:inline-block;width:300px;height:250px\"\r\n     data-ad-client=\"ca-pub-1244235910658811\"\r\n     data-ad-slot=\"8592682546\"><\/ins>\r\n<script>\r\n     (adsbygoogle = window.adsbygoogle || []).push({});\r\n<\/script><\/center>\r\n<\/p><\/div><br \/>\n&#8220;Despu\u00e9s de meses de silencio en aislamiento, escucharemos de @bastardPac este mi\u00e9rcoles 4 de noviembre en #AEWDynamite!&#8221;, Tuite\u00f3 AEW.<\/p>\n<p>PAC ha estado ausente desde marzo debido a que est\u00e1 atrapado en el Reino Unido debido a las restricciones de viaje de COVID-19. Hab\u00eda estado en el grupo del Death Triangle con The Lucha Bros previo a su pausa.<\/p>\n<p>La \u00faltima vez que luch\u00f3 fue el 11 de marzo, cuando form\u00f3 equipo con Rey Fenix y Penta El Zero M para ganarle a Joey Janela y Private Party.<\/p>\n<p>A continuaci\u00f3n se muestra la lista actualizada de lo anunciado para la edici\u00f3n de AEW Dynamite de la pr\u00f3xima semana:<\/p>\n<p>* PAC rompe su silencio<\/p>\n<p>* El Campe\u00f3n Mundial Jon Moxley y Eddie Kingston se enfrentar\u00e1n cara a cara<\/p>\n<p>* Chris Jericho en la mesa de comentarios<\/p>\n<p>* Sammy Guevara y Ortiz vs. MJF y Wardlow<\/p>\n<p>* Shawn Spears vs Scorpio Sky<\/p>\n<p>* Miro vs Trent<\/p>\n<p>* El campe\u00f3n de TNT Cody Rhodes y el Gunn Club vs The Dark Order (Colt Cabana, John Silver, 10)<\/p>\n<blockquote class=\"twitter-tweet\">\n<p dir=\"ltr\" lang=\"en\">After months of silence in isolation, we\u2019ll hear from <a href=\"https:\/\/twitter.com\/BASTARDPAC?ref_src=twsrc%5Etfw\" target=\"_blank\" rel=\"noopener\">@bastardPac<\/a> this Wednesday, November 4th on <a href=\"https:\/\/twitter.com\/hashtag\/AEWDynamite?src=hash&amp;ref_src=twsrc%5Etfw\" target=\"_blank\" rel=\"noopener\">#AEWDynamite<\/a>!<\/p>\n<p>Watch Dynamite every Wednesday at 8\/7c on <a href=\"https:\/\/twitter.com\/tntdrama?ref_src=twsrc%5Etfw\" target=\"_blank\" rel=\"noopener\">@tntdrama<\/a> and for our international fans <a href=\"https:\/\/t.co\/F00KW2whih\">https:\/\/t.co\/F00KW2whih<\/a> by <a href=\"https:\/\/twitter.com\/FiteTV?ref_src=twsrc%5Etfw\" target=\"_blank\" rel=\"noopener\">@FiteTV<\/a> <a href=\"https:\/\/t.co\/3T9SNXSfF9\">pic.twitter.com\/3T9SNXSfF9<\/a><\/p>\n<p>\u2014 All Elite Wrestling (@AEW) <a href=\"https:\/\/twitter.com\/AEW\/status\/1322225516573806592?ref_src=twsrc%5Etfw\" target=\"_blank\" rel=\"noopener\">October 30, 2020<\/a><\/p><\/blockquote>\n<p><script async src=\"https:\/\/platform.twitter.com\/widgets.js\" charset=\"utf-8\"><\/script><\/p>\n","protected":false},"excerpt":{"rendered":"<p>AEW acaba de anunciar que PAC &#8220;romper\u00e1 su silencio&#8221; en la edici\u00f3n antes de Full Gear del pr\u00f3ximo mi\u00e9rcoles de Dynamite en TNT.<\/p>\n","protected":false},"author":1,"featured_media":128090,"comment_status":"open","ping_status":"closed","sticky":false,"template":"","format":"standard","meta":{"footnotes":""},"categories":[5,1],"tags":[1354,5890],"class_list":{"0":"post-128089","1":"post","2":"type-post","3":"status-publish","4":"format-standard","5":"has-post-thumbnail","7":"category-noticias","8":"category-all-elite-wrestling","9":"tag-aew","10":"tag-pac"},"_links":{"self":[{"href":"https:\/\/www.prwrestling.com\/nw\/wp-json\/wp\/v2\/posts\/128089","targetHints":{"allow":["GET"]}}],"collection":[{"href":"https:\/\/www.prwrestling.com\/nw\/wp-json\/wp\/v2\/posts"}],"about":[{"href":"https:\/\/www.prwrestling.com\/nw\/wp-json\/wp\/v2\/types\/post"}],"author":[{"embeddable":true,"href":"https:\/\/www.prwrestling.com\/nw\/wp-json\/wp\/v2\/users\/1"}],"replies":[{"embeddable":true,"href":"https:\/\/www.prwrestling.com\/nw\/wp-json\/wp\/v2\/comments?post=128089"}],"version-history":[{"count":0,"href":"https:\/\/www.prwrestling.com\/nw\/wp-json\/wp\/v2\/posts\/128089\/revisions"}],"wp:featuredmedia":[{"embeddable":true,"href":"https:\/\/www.prwrestling.com\/nw\/wp-json\/wp\/v2\/media\/128090"}],"wp:attachment":[{"href":"https:\/\/www.prwrestling.com\/nw\/wp-json\/wp\/v2\/media?parent=128089"}],"wp:term":[{"taxonomy":"category","embeddable":true,"href":"https:\/\/www.prwrestling.com\/nw\/wp-json\/wp\/v2\/categories?post=128089"},{"taxonomy":"post_tag","embeddable":true,"href":"https:\/\/www.prwrestling.com\/nw\/wp-json\/wp\/v2\/tags?post=128089"}],"curies":[{"name":"wp","href":"https:\/\/api.w.org\/{rel}","templated":true}]}}