{"id":128170,"date":"2020-11-04T16:48:43","date_gmt":"2020-11-04T21:48:43","guid":{"rendered":"https:\/\/www.prwrestling.com\/nw\/?p=128170"},"modified":"2020-11-04T16:48:43","modified_gmt":"2020-11-04T21:48:43","slug":"miro-revela-wwe-lo-multo-por-cortarse-el-cabello","status":"publish","type":"post","link":"https:\/\/www.prwrestling.com\/nw\/miro-revela-wwe-lo-multo-por-cortarse-el-cabello\/","title":{"rendered":"Miro revela WWE lo mult\u00f3 por cortarse el cabello"},"content":{"rendered":"<p>Mientras hablaba con Talk Is Jericho, Miro revel\u00f3 que WWE lo mult\u00f3 cuando se cort\u00f3 el cabello. <!--more--><div id=\"ad-slot\" style=\"min-width: 300px; min-height: 250px;\">\r\n<p style=\"text-align: center;\">\r\n<script async src=\"https:\/\/pagead2.googlesyndication.com\/pagead\/js\/adsbygoogle.js\"><\/script>\r\n<!-- 300x250 sc a -->\r\n<ins class=\"adsbygoogle\"\r\n     style=\"display:inline-block;width:300px;height:250px\"\r\n     data-ad-client=\"ca-pub-1244235910658811\"\r\n     data-ad-slot=\"8592682546\"><\/ins>\r\n<script>\r\n     (adsbygoogle = window.adsbygoogle || []).push({});\r\n<\/script><\/center>\r\n<\/p><\/div><br \/>\nLa compa\u00f1\u00eda no estaba haciendo nada con \u00e9l en ese momento, por lo que decidi\u00f3 cambiar su apariencia lo cual le cost\u00f3 caro.<\/p>\n<p>\u201cMe cort\u00e9 el pelo porque no ten\u00eda nada que hacer. Me estaban venciendo d\u00eda tras d\u00eda. Me iba a someter a una operaci\u00f3n de hombro. Regres\u00e9 para un combate y Big Show peg\u00f3 chokeslams cuatro veces, y siete veces, e intentaron convencerme de que protegiera a mi personaje. Vamos hombre. No soy tan est\u00fapido. Est\u00e1 bien porque me encanta Big Show. Me ayud\u00f3 cuando lo necesitaba, as\u00ed que tengo que ayudarlo a \u00e9l. \u00bfA quien le importa? No soy ese tipo. Dile que necesitamos 3 chokeslams y un pu\u00f1etazo, uno, dos, tres. Genial, lo har\u00e9. Se molestaron mucho sobre mi cabello. Dijeron, &#8216;\u00bfc\u00f3mo te atreves? \u00bfC\u00f3mo puedes? \u00bfPor qu\u00e9 no preguntaste? &#8216;Lo siento, preguntar\u00e9 la pr\u00f3xima vez,&#8221; dijo.<\/p>\n","protected":false},"excerpt":{"rendered":"<p>Mientras hablaba con Talk Is Jericho, Miro revel\u00f3 que WWE lo mult\u00f3 cuando se cort\u00f3 el cabello.<\/p>\n","protected":false},"author":1,"featured_media":120814,"comment_status":"open","ping_status":"closed","sticky":false,"template":"","format":"standard","meta":{"footnotes":""},"categories":[5,38],"tags":[5519],"class_list":{"0":"post-128170","1":"post","2":"type-post","3":"status-publish","4":"format-standard","5":"has-post-thumbnail","7":"category-noticias","8":"category-noticias-y-rumores-de-la-wwe","9":"tag-miro"},"_links":{"self":[{"href":"https:\/\/www.prwrestling.com\/nw\/wp-json\/wp\/v2\/posts\/128170","targetHints":{"allow":["GET"]}}],"collection":[{"href":"https:\/\/www.prwrestling.com\/nw\/wp-json\/wp\/v2\/posts"}],"about":[{"href":"https:\/\/www.prwrestling.com\/nw\/wp-json\/wp\/v2\/types\/post"}],"author":[{"embeddable":true,"href":"https:\/\/www.prwrestling.com\/nw\/wp-json\/wp\/v2\/users\/1"}],"replies":[{"embeddable":true,"href":"https:\/\/www.prwrestling.com\/nw\/wp-json\/wp\/v2\/comments?post=128170"}],"version-history":[{"count":0,"href":"https:\/\/www.prwrestling.com\/nw\/wp-json\/wp\/v2\/posts\/128170\/revisions"}],"wp:featuredmedia":[{"embeddable":true,"href":"https:\/\/www.prwrestling.com\/nw\/wp-json\/wp\/v2\/media\/120814"}],"wp:attachment":[{"href":"https:\/\/www.prwrestling.com\/nw\/wp-json\/wp\/v2\/media?parent=128170"}],"wp:term":[{"taxonomy":"category","embeddable":true,"href":"https:\/\/www.prwrestling.com\/nw\/wp-json\/wp\/v2\/categories?post=128170"},{"taxonomy":"post_tag","embeddable":true,"href":"https:\/\/www.prwrestling.com\/nw\/wp-json\/wp\/v2\/tags?post=128170"}],"curies":[{"name":"wp","href":"https:\/\/api.w.org\/{rel}","templated":true}]}}