{"id":128191,"date":"2020-11-05T22:46:07","date_gmt":"2020-11-06T03:46:07","guid":{"rendered":"https:\/\/www.prwrestling.com\/nw\/?p=128191"},"modified":"2020-11-05T22:48:44","modified_gmt":"2020-11-06T03:48:44","slug":"chavo-guerrero-habla-sobre-tener-que-luchar-horas-despues-de-la-muerte-de-eddie","status":"publish","type":"post","link":"https:\/\/www.prwrestling.com\/nw\/chavo-guerrero-habla-sobre-tener-que-luchar-horas-despues-de-la-muerte-de-eddie\/","title":{"rendered":"Chavo Guerrero habla sobre tener que luchar horas despu\u00e9s de la muerte de Eddie"},"content":{"rendered":"<p>Chavo Guerrero record\u00f3 la noche en la que tuvo que luchar, horas despu\u00e9s de Eddie Guerrero haber fallecido el 13 de noviembre del 2005. <!--more--><div id=\"ad-slot\" style=\"min-width: 300px; min-height: 250px;\">\r\n<p style=\"text-align: center;\">\r\n<script async src=\"https:\/\/pagead2.googlesyndication.com\/pagead\/js\/adsbygoogle.js\"><\/script>\r\n<!-- 300x250 sc a -->\r\n<ins class=\"adsbygoogle\"\r\n     style=\"display:inline-block;width:300px;height:250px\"\r\n     data-ad-client=\"ca-pub-1244235910658811\"\r\n     data-ad-slot=\"8592682546\"><\/ins>\r\n<script>\r\n     (adsbygoogle = window.adsbygoogle || []).push({});\r\n<\/script><\/center>\r\n<\/p><\/div><br \/>\nChavo luchaba en WWE bajo el personaje de Kerwin White, y el mismo Vince McMahon le pregunt\u00f3 qu\u00e9 deb\u00edan hacer seg\u00fan cont\u00f3 en una entrevista con Chris Van Vliet.<\/p>\n<p>&#8220;Fui Kerwin White hasta el d\u00eda que muri\u00f3 Eddie&#8221;, dijo Chavo. &#8220;Cuando Eddie muri\u00f3, est\u00e1bamos en Minneapolis para un s\u00faper show, RAW y SmackDown, porque todo el roster se iba al extranjero a Europa esa noche, o quiz\u00e1s a la ma\u00f1ana siguiente. Y despu\u00e9s de que Eddie falleciera, Vince, Triple H y Shawn Michaels todos fueron a verme en la habitaci\u00f3n de hotel de Eddie y est\u00e1bamos en el pasillo, y Vince dijo: &#8220;\u00bfQu\u00e9 hago? \u00bfCancelo el show?&#8221;. Yo dije: &#8220;Por supuesto que no. Eddie nunca hubiera querido que cancelaras el programa. El programa debe continuar. Tenemos que hacer el show&#8221;.<\/p>\n<p>&#8220;Bueno, no puedo decir que tom\u00e9 la decisi\u00f3n final. Quer\u00edan mi opini\u00f3n al respecto. Si \u00e9l la habr\u00eda tomado o no, depende de \u00e9l. Es su programa. Pero le dije: &#8216;No, no lo hagas. No hagas eso. Absolutamente no. Ya sea que hagas un show tributo [o lo que sea], el show contin\u00faa y quiero luchar\u2019. Y \u00e9l dice, &#8216;Est\u00e1 bien&#8217;, y yo sal\u00ed esa noche como Chavo Guerrero con cabello rubio &#8220;.<br \/>\n<div id=\"ad-slot\" style=\"min-width: 300px; min-height: 250px;\"><p style=\"text-align: center;\">\r\n<script async src=\"https:\/\/pagead2.googlesyndication.com\/pagead\/js\/adsbygoogle.js\"><\/script>\r\n<!-- Responsive sc c -->\r\n<ins class=\"adsbygoogle\"\r\n     style=\"display:block\"\r\n     data-ad-client=\"ca-pub-1244235910658811\"\r\n     data-ad-slot=\"4234005358\"\r\n     data-ad-format=\"auto\"\r\n     data-full-width-responsive=\"true\"><\/ins>\r\n<script>\r\n     (adsbygoogle = window.adsbygoogle || []).push({});\r\n<\/script><\/p><\/div><br \/>\nEl espect\u00e1culo continu\u00f3 y Chavo obtuvo una victoria ante JBL en una lucha emocional para todos.<\/p>\n<p>&#8220;Me guiaron. Sent\u00ed que Eddie estaba all\u00ed para m\u00ed y me gui\u00f3 a trav\u00e9s de eso. Adem\u00e1s, ten\u00eda a JBL queriendo luchar y ayudarme a ganar. \u00c9l era una persona que amaba a Eddie. Yo amaba a Eddie. Todos lo am\u00e1bamos . Los fan\u00e1ticos estaban apoyando. Fue como si no pudiera hacer nada malo esa noche. Mir\u00e9 hacia atr\u00e1s a esa lucha, fue s\u00faper especial, y simplemente entrar en ese ring y simplemente luchar&#8221;, record\u00f3 Chavo.<br \/>\n<iframe loading=\"lazy\" width=\"727\" height=\"409\" src=\"https:\/\/www.youtube.com\/embed\/FhkgsMQeAy8\" frameborder=\"0\" allow=\"accelerometer; autoplay; clipboard-write; encrypted-media; gyroscope; picture-in-picture\" allowfullscreen><\/iframe><\/p>\n","protected":false},"excerpt":{"rendered":"<p>Chavo Guerrero record\u00f3 la noche en la que tuvo que luchar, horas despu\u00e9s de Eddie Guerrero haber fallecido el 13 de noviembre del 2005.<\/p>\n","protected":false},"author":1,"featured_media":128192,"comment_status":"open","ping_status":"closed","sticky":false,"template":"","format":"standard","meta":{"footnotes":""},"categories":[5,38],"tags":[5923],"class_list":{"0":"post-128191","1":"post","2":"type-post","3":"status-publish","4":"format-standard","5":"has-post-thumbnail","7":"category-noticias","8":"category-noticias-y-rumores-de-la-wwe","9":"tag-chavo-guerrero"},"_links":{"self":[{"href":"https:\/\/www.prwrestling.com\/nw\/wp-json\/wp\/v2\/posts\/128191","targetHints":{"allow":["GET"]}}],"collection":[{"href":"https:\/\/www.prwrestling.com\/nw\/wp-json\/wp\/v2\/posts"}],"about":[{"href":"https:\/\/www.prwrestling.com\/nw\/wp-json\/wp\/v2\/types\/post"}],"author":[{"embeddable":true,"href":"https:\/\/www.prwrestling.com\/nw\/wp-json\/wp\/v2\/users\/1"}],"replies":[{"embeddable":true,"href":"https:\/\/www.prwrestling.com\/nw\/wp-json\/wp\/v2\/comments?post=128191"}],"version-history":[{"count":1,"href":"https:\/\/www.prwrestling.com\/nw\/wp-json\/wp\/v2\/posts\/128191\/revisions"}],"predecessor-version":[{"id":128193,"href":"https:\/\/www.prwrestling.com\/nw\/wp-json\/wp\/v2\/posts\/128191\/revisions\/128193"}],"wp:featuredmedia":[{"embeddable":true,"href":"https:\/\/www.prwrestling.com\/nw\/wp-json\/wp\/v2\/media\/128192"}],"wp:attachment":[{"href":"https:\/\/www.prwrestling.com\/nw\/wp-json\/wp\/v2\/media?parent=128191"}],"wp:term":[{"taxonomy":"category","embeddable":true,"href":"https:\/\/www.prwrestling.com\/nw\/wp-json\/wp\/v2\/categories?post=128191"},{"taxonomy":"post_tag","embeddable":true,"href":"https:\/\/www.prwrestling.com\/nw\/wp-json\/wp\/v2\/tags?post=128191"}],"curies":[{"name":"wp","href":"https:\/\/api.w.org\/{rel}","templated":true}]}}