{"id":128198,"date":"2020-11-06T15:23:43","date_gmt":"2020-11-06T20:23:43","guid":{"rendered":"https:\/\/www.prwrestling.com\/nw\/?p=128198"},"modified":"2020-11-06T15:23:43","modified_gmt":"2020-11-06T20:23:43","slug":"reporte-integrante-de-retribution-solicito-ser-sacada-del-grupo","status":"publish","type":"post","link":"https:\/\/www.prwrestling.com\/nw\/reporte-integrante-de-retribution-solicito-ser-sacada-del-grupo\/","title":{"rendered":"Reporte: Integrante de Retribution solicit\u00f3 ser sacada del grupo"},"content":{"rendered":"<p>WWE debut\u00f3 a Retribution con cinco miembros principales. La luchadora Mercedes Mart\u00ednez estaba al principio, pero luego desapareci\u00f3.<!--more--><div id=\"ad-slot\" style=\"min-width: 300px; min-height: 250px;\">\r\n<p style=\"text-align: center;\">\r\n<script async src=\"https:\/\/pagead2.googlesyndication.com\/pagead\/js\/adsbygoogle.js\"><\/script>\r\n<!-- 300x250 sc a -->\r\n<ins class=\"adsbygoogle\"\r\n     style=\"display:inline-block;width:300px;height:250px\"\r\n     data-ad-client=\"ca-pub-1244235910658811\"\r\n     data-ad-slot=\"8592682546\"><\/ins>\r\n<script>\r\n     (adsbygoogle = window.adsbygoogle || []).push({});\r\n<\/script><\/center>\r\n<\/p><\/div><br \/>\nSeg\u00fan Fightful Select, la raz\u00f3n por la que sacaron a Mercedes Mart\u00ednez del \u00e1ngulo es debido a que ella misma lo pidi\u00f3.<\/p>\n<p>El reporte indica que Martinez dej\u00f3 saber su deseo de no ser parte del grupo y la historia y fue eliminada del grupo antes de que todos<br \/>\nfirmaran nuevos contratos.<\/p>\n<p>Se inform\u00f3 que otros nombres de NXT fueron &#8220;considerados brevemente&#8221; para reemplazarla, pero al final se decidi\u00f3 dejar a Mia Yim (Reckoning) como la \u00fanica mujer en el grupo.<\/p>\n","protected":false},"excerpt":{"rendered":"<p>WWE debut\u00f3 a Retribution con cinco miembros principales. La luchadora Mercedes Mart\u00ednez estaba al principio, pero luego desapareci\u00f3.<\/p>\n","protected":false},"author":1,"featured_media":128199,"comment_status":"open","ping_status":"closed","sticky":false,"template":"","format":"standard","meta":{"footnotes":""},"categories":[5,38],"tags":[5928,9],"class_list":{"0":"post-128198","1":"post","2":"type-post","3":"status-publish","4":"format-standard","5":"has-post-thumbnail","7":"category-noticias","8":"category-noticias-y-rumores-de-la-wwe","9":"tag-mercedes-martinez","10":"tag-wwe"},"_links":{"self":[{"href":"https:\/\/www.prwrestling.com\/nw\/wp-json\/wp\/v2\/posts\/128198","targetHints":{"allow":["GET"]}}],"collection":[{"href":"https:\/\/www.prwrestling.com\/nw\/wp-json\/wp\/v2\/posts"}],"about":[{"href":"https:\/\/www.prwrestling.com\/nw\/wp-json\/wp\/v2\/types\/post"}],"author":[{"embeddable":true,"href":"https:\/\/www.prwrestling.com\/nw\/wp-json\/wp\/v2\/users\/1"}],"replies":[{"embeddable":true,"href":"https:\/\/www.prwrestling.com\/nw\/wp-json\/wp\/v2\/comments?post=128198"}],"version-history":[{"count":0,"href":"https:\/\/www.prwrestling.com\/nw\/wp-json\/wp\/v2\/posts\/128198\/revisions"}],"wp:featuredmedia":[{"embeddable":true,"href":"https:\/\/www.prwrestling.com\/nw\/wp-json\/wp\/v2\/media\/128199"}],"wp:attachment":[{"href":"https:\/\/www.prwrestling.com\/nw\/wp-json\/wp\/v2\/media?parent=128198"}],"wp:term":[{"taxonomy":"category","embeddable":true,"href":"https:\/\/www.prwrestling.com\/nw\/wp-json\/wp\/v2\/categories?post=128198"},{"taxonomy":"post_tag","embeddable":true,"href":"https:\/\/www.prwrestling.com\/nw\/wp-json\/wp\/v2\/tags?post=128198"}],"curies":[{"name":"wp","href":"https:\/\/api.w.org\/{rel}","templated":true}]}}