{"id":128245,"date":"2020-11-08T18:52:13","date_gmt":"2020-11-08T23:52:13","guid":{"rendered":"https:\/\/www.prwrestling.com\/nw\/?p=128245"},"modified":"2020-11-08T18:57:15","modified_gmt":"2020-11-08T23:57:15","slug":"tony-khan-no-cierra-la-puerta-a-mas-de-gangrel-y-helms-en-aew","status":"publish","type":"post","link":"https:\/\/www.prwrestling.com\/nw\/tony-khan-no-cierra-la-puerta-a-mas-de-gangrel-y-helms-en-aew\/","title":{"rendered":"Tony Khan no cierra la puerta a m\u00e1s de Gangrel y Helms en AEW"},"content":{"rendered":"<p><a href=\"https:\/\/www.prwrestling.com\/nw\/resultados-aew-full-gear-2\/\">AEW Full Gear<\/a> present\u00f3 el combate Final Deletion entre Sammy Guevara y Matt Hardy. <!--more-->En este hubo un par de cameos notables, incluyendo cuando aparecieron Gangrel y Shane &#8220;Hurricane&#8221; Helms. <div id=\"ad-slot\" style=\"min-width: 300px; min-height: 250px;\">\r\n<p style=\"text-align: center;\">\r\n<script async src=\"https:\/\/pagead2.googlesyndication.com\/pagead\/js\/adsbygoogle.js\"><\/script>\r\n<!-- 300x250 sc a -->\r\n<ins class=\"adsbygoogle\"\r\n     style=\"display:inline-block;width:300px;height:250px\"\r\n     data-ad-client=\"ca-pub-1244235910658811\"\r\n     data-ad-slot=\"8592682546\"><\/ins>\r\n<script>\r\n     (adsbygoogle = window.adsbygoogle || []).push({});\r\n<\/script><\/center>\r\n<\/p><\/div><br \/>\nLa gran pregunta es si los dos ex luchadores de WWE volver\u00e1n a tener presencia en AEW.<\/p>\n<p>Durante la conferencia de prensa que sigui\u00f3 a Full Gear, se le pregunt\u00f3 a Tony Khan sobre Gangrel y Hurricane y si sus apariciones significan que los veremos m\u00e1s en la empresa.<\/p>\n<p>&#8220;No lo s\u00e9, nunca se sabe qu\u00e9 hay en el futuro. Para ser honesto, no los tengo contratados en el pr\u00f3ximo ciclo, o en el futuro inmediato, pero al mismo tiempo estoy abierto a que regresen &#8220;.<\/p>\n<p>\u201cEstuve en el [Hardy] Compound para el rodaje del [Elite] Deletion produciendo el combate, y pas\u00e9 tiempo con ambos muchachos. Realmente, conozco a Shane desde hace un tiempo, y nunca hab\u00eda conocido a Gangrel antes y realmente disfrut\u00e9 pasar tiempo con ambos y me encantar\u00eda verlos regresar en alg\u00fan momento. Creo que ser\u00eda muy divertido,&#8221; dijo.<br \/>\n<div id=\"ad-slot\" style=\"min-width: 300px; min-height: 250px;\"><p style=\"text-align: center;\">\r\n<script async src=\"https:\/\/pagead2.googlesyndication.com\/pagead\/js\/adsbygoogle.js\"><\/script>\r\n<!-- Responsive sc c -->\r\n<ins class=\"adsbygoogle\"\r\n     style=\"display:block\"\r\n     data-ad-client=\"ca-pub-1244235910658811\"\r\n     data-ad-slot=\"4234005358\"\r\n     data-ad-format=\"auto\"\r\n     data-full-width-responsive=\"true\"><\/ins>\r\n<script>\r\n     (adsbygoogle = window.adsbygoogle || []).push({});\r\n<\/script><\/p><\/div><br \/>\nAmbos luchadores aparecieron dentro del alocado combate cuando un enmascarado lleg\u00f3 agarrando a Helms y amenazando a Hardy.<\/p>\n<p>El enmascarado revel\u00f3 ser Gangrel y desde ese punto ambos fueron parte de la pelea, la cual adem\u00e1s cont\u00f3 con las participaciones de Santana &amp; Ortiz y Private Party.<\/p>\n","protected":false},"excerpt":{"rendered":"<p>AEW Full Gear present\u00f3 el combate Final Deletion entre Sammy Guevara y Matt Hardy.<\/p>\n","protected":false},"author":1,"featured_media":128246,"comment_status":"open","ping_status":"closed","sticky":false,"template":"","format":"standard","meta":{"footnotes":""},"categories":[5,1],"tags":[1354],"class_list":{"0":"post-128245","1":"post","2":"type-post","3":"status-publish","4":"format-standard","5":"has-post-thumbnail","7":"category-noticias","8":"category-all-elite-wrestling","9":"tag-aew"},"_links":{"self":[{"href":"https:\/\/www.prwrestling.com\/nw\/wp-json\/wp\/v2\/posts\/128245","targetHints":{"allow":["GET"]}}],"collection":[{"href":"https:\/\/www.prwrestling.com\/nw\/wp-json\/wp\/v2\/posts"}],"about":[{"href":"https:\/\/www.prwrestling.com\/nw\/wp-json\/wp\/v2\/types\/post"}],"author":[{"embeddable":true,"href":"https:\/\/www.prwrestling.com\/nw\/wp-json\/wp\/v2\/users\/1"}],"replies":[{"embeddable":true,"href":"https:\/\/www.prwrestling.com\/nw\/wp-json\/wp\/v2\/comments?post=128245"}],"version-history":[{"count":1,"href":"https:\/\/www.prwrestling.com\/nw\/wp-json\/wp\/v2\/posts\/128245\/revisions"}],"predecessor-version":[{"id":128247,"href":"https:\/\/www.prwrestling.com\/nw\/wp-json\/wp\/v2\/posts\/128245\/revisions\/128247"}],"wp:featuredmedia":[{"embeddable":true,"href":"https:\/\/www.prwrestling.com\/nw\/wp-json\/wp\/v2\/media\/128246"}],"wp:attachment":[{"href":"https:\/\/www.prwrestling.com\/nw\/wp-json\/wp\/v2\/media?parent=128245"}],"wp:term":[{"taxonomy":"category","embeddable":true,"href":"https:\/\/www.prwrestling.com\/nw\/wp-json\/wp\/v2\/categories?post=128245"},{"taxonomy":"post_tag","embeddable":true,"href":"https:\/\/www.prwrestling.com\/nw\/wp-json\/wp\/v2\/tags?post=128245"}],"curies":[{"name":"wp","href":"https:\/\/api.w.org\/{rel}","templated":true}]}}