{"id":128250,"date":"2020-11-09T14:59:01","date_gmt":"2020-11-09T19:59:01","guid":{"rendered":"https:\/\/www.prwrestling.com\/nw\/?p=128250"},"modified":"2020-11-09T14:59:01","modified_gmt":"2020-11-09T19:59:01","slug":"anunciador-tony-chimel-fue-despedido-por-la-wwe","status":"publish","type":"post","link":"https:\/\/www.prwrestling.com\/nw\/anunciador-tony-chimel-fue-despedido-por-la-wwe\/","title":{"rendered":"Anunciador Tony Chimel fue despedido por la WWE"},"content":{"rendered":"<p>Seg\u00fan PW Insider, WWE despidi\u00f3 a m\u00e1s personal el viernes. Se confirm\u00f3 que el n\u00famero ronda entre diez y quince en total. <!--more--><div id=\"ad-slot\" style=\"min-width: 300px; min-height: 250px;\">\r\n<p style=\"text-align: center;\">\r\n<script async src=\"https:\/\/pagead2.googlesyndication.com\/pagead\/js\/adsbygoogle.js\"><\/script>\r\n<!-- 300x250 sc a -->\r\n<ins class=\"adsbygoogle\"\r\n     style=\"display:inline-block;width:300px;height:250px\"\r\n     data-ad-client=\"ca-pub-1244235910658811\"\r\n     data-ad-slot=\"8592682546\"><\/ins>\r\n<script>\r\n     (adsbygoogle = window.adsbygoogle || []).push({});\r\n<\/script><\/center>\r\n<\/p><\/div><br \/>\nLa mayor\u00eda del personal era \u201cprincipalmente log\u00edstica y de trabajo tras bastidores\u201d, y uno de estos fue el anunciador Tony Chimel.<\/p>\n<p>Chimel ha estado con WWE desde 1991 y era mejor conocido como anunciador de la marca SmackDown. En los \u00faltimos a\u00f1os, trabaj\u00f3 principalmente tras bastidores en distintos roles.<\/p>\n<p>Se desconocen las razones de los despidos, pero se especula que est\u00e1n relacionados a recortes presupuestarios en la empresa. <\/p>\n","protected":false},"excerpt":{"rendered":"<p>Seg\u00fan PW Insider, WWE despidi\u00f3 a m\u00e1s personal el viernes. Se confirm\u00f3 que el n\u00famero ronda entre diez y quince en total.<\/p>\n","protected":false},"author":1,"featured_media":128251,"comment_status":"open","ping_status":"closed","sticky":false,"template":"","format":"standard","meta":{"footnotes":""},"categories":[5,38],"tags":[],"class_list":{"0":"post-128250","1":"post","2":"type-post","3":"status-publish","4":"format-standard","5":"has-post-thumbnail","7":"category-noticias","8":"category-noticias-y-rumores-de-la-wwe"},"_links":{"self":[{"href":"https:\/\/www.prwrestling.com\/nw\/wp-json\/wp\/v2\/posts\/128250","targetHints":{"allow":["GET"]}}],"collection":[{"href":"https:\/\/www.prwrestling.com\/nw\/wp-json\/wp\/v2\/posts"}],"about":[{"href":"https:\/\/www.prwrestling.com\/nw\/wp-json\/wp\/v2\/types\/post"}],"author":[{"embeddable":true,"href":"https:\/\/www.prwrestling.com\/nw\/wp-json\/wp\/v2\/users\/1"}],"replies":[{"embeddable":true,"href":"https:\/\/www.prwrestling.com\/nw\/wp-json\/wp\/v2\/comments?post=128250"}],"version-history":[{"count":0,"href":"https:\/\/www.prwrestling.com\/nw\/wp-json\/wp\/v2\/posts\/128250\/revisions"}],"wp:featuredmedia":[{"embeddable":true,"href":"https:\/\/www.prwrestling.com\/nw\/wp-json\/wp\/v2\/media\/128251"}],"wp:attachment":[{"href":"https:\/\/www.prwrestling.com\/nw\/wp-json\/wp\/v2\/media?parent=128250"}],"wp:term":[{"taxonomy":"category","embeddable":true,"href":"https:\/\/www.prwrestling.com\/nw\/wp-json\/wp\/v2\/categories?post=128250"},{"taxonomy":"post_tag","embeddable":true,"href":"https:\/\/www.prwrestling.com\/nw\/wp-json\/wp\/v2\/tags?post=128250"}],"curies":[{"name":"wp","href":"https:\/\/api.w.org\/{rel}","templated":true}]}}