{"id":128426,"date":"2020-11-17T12:31:06","date_gmt":"2020-11-17T17:31:06","guid":{"rendered":"https:\/\/www.prwrestling.com\/nw\/?p=128426"},"modified":"2020-11-17T12:31:06","modified_gmt":"2020-11-17T17:31:06","slug":"rumor-sobre-lucha-discutida-para-wyatt-y-alexa-bliss-en-wrestlemania","status":"publish","type":"post","link":"https:\/\/www.prwrestling.com\/nw\/rumor-sobre-lucha-discutida-para-wyatt-y-alexa-bliss-en-wrestlemania\/","title":{"rendered":"Rumor sobre lucha discutida para Wyatt y Alexa Bliss en WrestleMania"},"content":{"rendered":"<p>Los funcionarios de la WWE han tenido conversaciones sobre &#8220;The Fiend&#8221; Bray Wyatt y Alexa Bliss posiblemente formando equipo para luchar en WrestleMania 37.<!--more--><div id=\"ad-slot\" style=\"min-width: 300px; min-height: 250px;\">\r\n<p style=\"text-align: center;\">\r\n<script async src=\"https:\/\/pagead2.googlesyndication.com\/pagead\/js\/adsbygoogle.js\"><\/script>\r\n<!-- 300x250 sc a -->\r\n<ins class=\"adsbygoogle\"\r\n     style=\"display:inline-block;width:300px;height:250px\"\r\n     data-ad-client=\"ca-pub-1244235910658811\"\r\n     data-ad-slot=\"8592682546\"><\/ins>\r\n<script>\r\n     (adsbygoogle = window.adsbygoogle || []).push({});\r\n<\/script><\/center>\r\n<\/p><\/div><br \/>\nComo se se\u00f1al\u00f3 a principios de esta semana, a trav\u00e9s de @Wrestlevotes, se inform\u00f3 que si bien Randy Orton contra Edge ha sido el plan para WrestleMania el pr\u00f3ximo a\u00f1o, la idea de Edge contra The Fiend tambi\u00e9n se ha hablado para el espect\u00e1culo.<\/p>\n<p>En una actualizaci\u00f3n, @Wrestlevotes public\u00f3 un informe de seguimiento hoy y se\u00f1al\u00f3 que la idea inicial surgi\u00f3 cuando se lanzaron nombres como posibles oponentes de parejas mixtas para Bliss y The Fiend. <\/p>\n<p>Una idea discutida era que Bliss y The Fiend se enfrentaran a Edge y su esposa, Beth Phoenix, quien actualmente trabaja en el equipo de comentaristas en NXT.<\/p>\n<p>Sin embargo se se\u00f1al\u00f3 que a pesar de las ideas discutidas, hasta ahora, Orton vs. Edge sigue siendo el plan interno para WrestleMania 37.<\/p>\n","protected":false},"excerpt":{"rendered":"<p>Los funcionarios de la WWE han tenido conversaciones sobre &#8220;The Fiend&#8221; Bray Wyatt y Alexa Bliss posiblemente formando equipo para luchar en WrestleMania 37.<\/p>\n","protected":false},"author":1,"featured_media":127893,"comment_status":"open","ping_status":"closed","sticky":false,"template":"","format":"standard","meta":{"footnotes":""},"categories":[5,38],"tags":[1360,9],"class_list":{"0":"post-128426","1":"post","2":"type-post","3":"status-publish","4":"format-standard","5":"has-post-thumbnail","7":"category-noticias","8":"category-noticias-y-rumores-de-la-wwe","9":"tag-bray-wyatt","10":"tag-wwe"},"_links":{"self":[{"href":"https:\/\/www.prwrestling.com\/nw\/wp-json\/wp\/v2\/posts\/128426","targetHints":{"allow":["GET"]}}],"collection":[{"href":"https:\/\/www.prwrestling.com\/nw\/wp-json\/wp\/v2\/posts"}],"about":[{"href":"https:\/\/www.prwrestling.com\/nw\/wp-json\/wp\/v2\/types\/post"}],"author":[{"embeddable":true,"href":"https:\/\/www.prwrestling.com\/nw\/wp-json\/wp\/v2\/users\/1"}],"replies":[{"embeddable":true,"href":"https:\/\/www.prwrestling.com\/nw\/wp-json\/wp\/v2\/comments?post=128426"}],"version-history":[{"count":1,"href":"https:\/\/www.prwrestling.com\/nw\/wp-json\/wp\/v2\/posts\/128426\/revisions"}],"predecessor-version":[{"id":128427,"href":"https:\/\/www.prwrestling.com\/nw\/wp-json\/wp\/v2\/posts\/128426\/revisions\/128427"}],"wp:featuredmedia":[{"embeddable":true,"href":"https:\/\/www.prwrestling.com\/nw\/wp-json\/wp\/v2\/media\/127893"}],"wp:attachment":[{"href":"https:\/\/www.prwrestling.com\/nw\/wp-json\/wp\/v2\/media?parent=128426"}],"wp:term":[{"taxonomy":"category","embeddable":true,"href":"https:\/\/www.prwrestling.com\/nw\/wp-json\/wp\/v2\/categories?post=128426"},{"taxonomy":"post_tag","embeddable":true,"href":"https:\/\/www.prwrestling.com\/nw\/wp-json\/wp\/v2\/tags?post=128426"}],"curies":[{"name":"wp","href":"https:\/\/api.w.org\/{rel}","templated":true}]}}