{"id":128429,"date":"2020-11-17T16:07:04","date_gmt":"2020-11-17T21:07:04","guid":{"rendered":"https:\/\/www.prwrestling.com\/nw\/?p=128429"},"modified":"2020-11-17T16:07:04","modified_gmt":"2020-11-17T21:07:04","slug":"impact-wrestling-intento-de-tener-a-kurt-angle-en-bound-for-glory","status":"publish","type":"post","link":"https:\/\/www.prwrestling.com\/nw\/impact-wrestling-intento-de-tener-a-kurt-angle-en-bound-for-glory\/","title":{"rendered":"Impact Wrestling intent\u00f3 de tener a Kurt Angle en Bound for Glory"},"content":{"rendered":"<p>El evento Bound For Glory de Impact Wrestling incluy\u00f3 varios momentos importantes, especialmente durante la ceremonia del Sal\u00f3n de la Fama de Impact en la que <a href=\"https:\/\/www.prwrestling.com\/nw\/video-the-rock-aparece-en-programacion-de-impact-wrestling\/\">apareci\u00f3 v\u00eda video The Rock<\/a> para hablar de Ken Shamrock.<!--more--><div id=\"ad-slot\" style=\"min-width: 300px; min-height: 250px;\">\r\n<p style=\"text-align: center;\">\r\n<!-- Site name: prwrestling.com\r\nZone name: prwrestling.com_banner_300x250\r\nZone id: 2109741734\r\nType: banner\r\nFormat: 300x250\r\n --> \r\n\r\n<!-- Copy and paste this code on the page. -->\r\n<div id='zone_2109741734' ><\/div>\r\n<script>\r\n    (function(w,d,o,g,r,a,m){\r\n        var cid='zone_2109741734';\r\n        w[r]=w[r]||function(){(w[r+'l']=w[r+'l']||[]).push(arguments)};\r\n        function e(b,w,r){if((w[r+'h']=b.pop())&&!w.ABN){\r\n            var a=d.createElement(o),p=d.getElementsByTagName(o)[0];a.async=1;\r\n            a.src='https:\/\/cdn.'+w[r+'h']+'\/libs\/e.js';a.onerror=function(){e(g,w,r)};\r\n            p.parentNode.insertBefore(a,p)}}e(g,w,r);\r\n        w[r](cid,{id:2109741734,domain:w[r+'h']});\r\n    })(window,document,'script',['traffmovie.com'],'ABNS');\r\n<\/script>\r\n\r\n<!--\r\nWhen setting the zone code, make sure:\r\n  - you have provided all domains from which the area code will be called\r\n  - the site does not limit the loading in the Content Security Policy\r\n  - the area code is installed in the ad space inside the page\r\n  - site layout allows you to display the banner on mobile devices in full size\r\nUse data-cp1={customParam1} data-cp2={customParam2}... attributes for sending custom params\r\n-->\r\n<\/p><\/div><br \/>\nHubo casi otra gran historia durante el evento, pero no pudo concretarse.<\/p>\n<p>Seg\u00fan <a href=\"http:\/\/pwinsider.com\" target=\"_blank\" rel=\"noopener\">PW Insider<\/a>, Impact Wrestling intent\u00f3 que Kurt Angle regresara a la compa\u00f1\u00eda dentro de Bound For Glory el mes pasado. En este momento no est\u00e1 claro por qu\u00e9 no sucedi\u00f3 el regreso, o qu\u00e9 habr\u00eda hecho Angle dentro del show.<\/p>\n<p>Las conversaciones entre Kurt Angle e Impact Wrestling se estancaron antes de poder llegar a la fecha del show, y ahora aparentemente el contacto entre ambas partes es inexistente.<br \/>\n<div id=\"ad-slot\" style=\"min-width: 300px; min-height: 250px;\"><p style=\"text-align: center;\">\r\n<script async src=\"https:\/\/pagead2.googlesyndication.com\/pagead\/js\/adsbygoogle.js\"><\/script>\r\n<!-- Responsive sc c -->\r\n<ins class=\"adsbygoogle\"\r\n     style=\"display:block\"\r\n     data-ad-client=\"ca-pub-1244235910658811\"\r\n     data-ad-slot=\"4234005358\"\r\n     data-ad-format=\"auto\"\r\n     data-full-width-responsive=\"true\"><\/ins>\r\n<script>\r\n     (adsbygoogle = window.adsbygoogle || []).push({});\r\n<\/script><\/p><\/div><br \/>\nAngle fue relevado de su puesto en WWE como productor durante la pandemia. Regres\u00f3 a NXT para ser el \u00e1rbitro del combate enjaulado entre Timothy Thatcher y Matt Riddle, pero no ha vuelto desde entonces.<\/p>\n<p>Est\u00e1 previsto que Kurt Angle tambi\u00e9n est\u00e9 en la WWE Survivor Series el 22 de noviembre como parte del Tributo al Undertaker.<\/p>\n<p><i><span style=\"font-weight: 400;\"><strong>PRWrestling<\/strong> te trae las \u00faltimas <strong><a href=\"https:\/\/www.prwrestling.com\/nw\/noticias-wwe\/\">noticias de WWE<\/a>.<\/strong> Recuerda que tendremos rumores, predicciones y resultados de <a href=\"http:\/\/prwrestling.com\/nw\/tag\/wwe-royal-rumble\" target=\"_blank\" rel=\"noopener\">WWE Royal Rumble 2021<\/a><span style=\"color: #993300;\">,<\/span><\/span> a celebrarse el domingo, 31 de enero.<\/i><\/p>\n","protected":false},"excerpt":{"rendered":"<p>El evento Bound For Glory de Impact Wrestling incluy\u00f3 varios momentos importantes, especialmente durante la ceremonia del Sal\u00f3n de la Fama de Impact en la que apareci\u00f3 v\u00eda video The Rock para hablar de Ken Shamrock.<\/p>\n","protected":false},"author":1,"featured_media":4283,"comment_status":"open","ping_status":"closed","sticky":false,"template":"","format":"standard","meta":{"footnotes":""},"categories":[5],"tags":[1524,1660],"class_list":["post-128429","post","type-post","status-publish","format-standard","has-post-thumbnail","category-noticias","tag-impact-wrestling","tag-kurt-angle"],"_links":{"self":[{"href":"https:\/\/www.prwrestling.com\/nw\/wp-json\/wp\/v2\/posts\/128429","targetHints":{"allow":["GET"]}}],"collection":[{"href":"https:\/\/www.prwrestling.com\/nw\/wp-json\/wp\/v2\/posts"}],"about":[{"href":"https:\/\/www.prwrestling.com\/nw\/wp-json\/wp\/v2\/types\/post"}],"author":[{"embeddable":true,"href":"https:\/\/www.prwrestling.com\/nw\/wp-json\/wp\/v2\/users\/1"}],"replies":[{"embeddable":true,"href":"https:\/\/www.prwrestling.com\/nw\/wp-json\/wp\/v2\/comments?post=128429"}],"version-history":[{"count":1,"href":"https:\/\/www.prwrestling.com\/nw\/wp-json\/wp\/v2\/posts\/128429\/revisions"}],"predecessor-version":[{"id":128430,"href":"https:\/\/www.prwrestling.com\/nw\/wp-json\/wp\/v2\/posts\/128429\/revisions\/128430"}],"wp:featuredmedia":[{"embeddable":true,"href":"https:\/\/www.prwrestling.com\/nw\/wp-json\/wp\/v2\/media\/4283"}],"wp:attachment":[{"href":"https:\/\/www.prwrestling.com\/nw\/wp-json\/wp\/v2\/media?parent=128429"}],"wp:term":[{"taxonomy":"category","embeddable":true,"href":"https:\/\/www.prwrestling.com\/nw\/wp-json\/wp\/v2\/categories?post=128429"},{"taxonomy":"post_tag","embeddable":true,"href":"https:\/\/www.prwrestling.com\/nw\/wp-json\/wp\/v2\/tags?post=128429"}],"curies":[{"name":"wp","href":"https:\/\/api.w.org\/{rel}","templated":true}]}}