{"id":128493,"date":"2020-11-19T20:42:19","date_gmt":"2020-11-20T01:42:19","guid":{"rendered":"https:\/\/www.prwrestling.com\/nw\/?p=128493"},"modified":"2020-11-19T21:01:05","modified_gmt":"2020-11-20T02:01:05","slug":"ex-wwe-nidia-no-tiene-deseos-de-regresar-al-ring","status":"publish","type":"post","link":"https:\/\/www.prwrestling.com\/nw\/ex-wwe-nidia-no-tiene-deseos-de-regresar-al-ring\/","title":{"rendered":"Ex WWE Nidia no tiene deseos de regresar al ring"},"content":{"rendered":"<p>Mientras hablaba con Fightful, la ex luchadora de la WWE Nidia dijo que &#8220;no tiene ning\u00fan deseo de volver al ring o luchar de nuevo&#8221; luego de que se le preguntara si aun le interesa regresar a la escena.<!--more--><div id=\"ad-slot\" style=\"min-width: 300px; min-height: 250px;\">\r\n<p style=\"text-align: center;\">\r\n<script async src=\"https:\/\/pagead2.googlesyndication.com\/pagead\/js\/adsbygoogle.js\"><\/script>\r\n<!-- 300x250 sc a -->\r\n<ins class=\"adsbygoogle\"\r\n     style=\"display:inline-block;width:300px;height:250px\"\r\n     data-ad-client=\"ca-pub-1244235910658811\"\r\n     data-ad-slot=\"8592682546\"><\/ins>\r\n<script>\r\n     (adsbygoogle = window.adsbygoogle || []).push({});\r\n<\/script><\/center>\r\n<\/p><\/div><br \/>\nLa primera mujer ganadora de Tough Enough a\u00f1adi\u00f3 que no est\u00e1 interesada en ser golpeada en el ring, pero &#8220;ninguna compa\u00f1\u00eda realmente se acerca&#8221; a ella de todos modos en estos d\u00edas.<\/p>\n<p>La luchadora de Mayag\u00fcez, Puerto Rico, confes\u00f3 que ya estaba lista para dejar la WWE al mismo tiempo que fue despedida en el 2004. Luch\u00f3 de nuevo despu\u00e9s de dejar la WWE, pero fueron shows espor\u00e1dicos.<\/p>\n<p>Nidia explic\u00f3 que solo aceptaba contrataciones en lugares a los que quer\u00eda &#8220;ir de vacaciones&#8221;, y solo lo hizo durante aproximadamente un a\u00f1o. Luego decidi\u00f3 &#8220;desconectarse por completo&#8221; y dejar el negocio de la lucha libre profesional por completo.<\/p>\n<p>Nidia, de 41 a\u00f1os de edad, actualmente es madre y reside en Texas.<\/p>\n<p>La luchadora habl\u00f3 con PRWrestling en el 2005 sobre su estad\u00eda y salida de WWE;\u00a0<a href=\"https:\/\/www.prwrestling.com\/nw\/entrevista-a-nidia\/\">puedes leer su entrevista aqu\u00ed<\/a>.<\/p>\n","protected":false},"excerpt":{"rendered":"<p>Mientras hablaba con Fightful, la ex luchadora de la WWE Nidia dijo que &#8220;no tiene ning\u00fan deseo de volver al ring o luchar de nuevo&#8221; luego de que se le preguntara si aun le interesa regresar a la escena.<\/p>\n","protected":false},"author":1,"featured_media":128494,"comment_status":"open","ping_status":"closed","sticky":false,"template":"","format":"standard","meta":{"footnotes":""},"categories":[5,38],"tags":[6033],"class_list":{"0":"post-128493","1":"post","2":"type-post","3":"status-publish","4":"format-standard","5":"has-post-thumbnail","7":"category-noticias","8":"category-noticias-y-rumores-de-la-wwe","9":"tag-nidia"},"_links":{"self":[{"href":"https:\/\/www.prwrestling.com\/nw\/wp-json\/wp\/v2\/posts\/128493","targetHints":{"allow":["GET"]}}],"collection":[{"href":"https:\/\/www.prwrestling.com\/nw\/wp-json\/wp\/v2\/posts"}],"about":[{"href":"https:\/\/www.prwrestling.com\/nw\/wp-json\/wp\/v2\/types\/post"}],"author":[{"embeddable":true,"href":"https:\/\/www.prwrestling.com\/nw\/wp-json\/wp\/v2\/users\/1"}],"replies":[{"embeddable":true,"href":"https:\/\/www.prwrestling.com\/nw\/wp-json\/wp\/v2\/comments?post=128493"}],"version-history":[{"count":4,"href":"https:\/\/www.prwrestling.com\/nw\/wp-json\/wp\/v2\/posts\/128493\/revisions"}],"predecessor-version":[{"id":128503,"href":"https:\/\/www.prwrestling.com\/nw\/wp-json\/wp\/v2\/posts\/128493\/revisions\/128503"}],"wp:featuredmedia":[{"embeddable":true,"href":"https:\/\/www.prwrestling.com\/nw\/wp-json\/wp\/v2\/media\/128494"}],"wp:attachment":[{"href":"https:\/\/www.prwrestling.com\/nw\/wp-json\/wp\/v2\/media?parent=128493"}],"wp:term":[{"taxonomy":"category","embeddable":true,"href":"https:\/\/www.prwrestling.com\/nw\/wp-json\/wp\/v2\/categories?post=128493"},{"taxonomy":"post_tag","embeddable":true,"href":"https:\/\/www.prwrestling.com\/nw\/wp-json\/wp\/v2\/tags?post=128493"}],"curies":[{"name":"wp","href":"https:\/\/api.w.org\/{rel}","templated":true}]}}