{"id":128526,"date":"2020-11-21T14:05:30","date_gmt":"2020-11-21T19:05:30","guid":{"rendered":"https:\/\/www.prwrestling.com\/nw\/?p=128526"},"modified":"2020-11-21T14:05:30","modified_gmt":"2020-11-21T19:05:30","slug":"lana-llora-al-hablar-de-la-salida-de-rusev-e-insultos-de-fanaticos","status":"publish","type":"post","link":"https:\/\/www.prwrestling.com\/nw\/lana-llora-al-hablar-de-la-salida-de-rusev-e-insultos-de-fanaticos\/","title":{"rendered":"Lana llora al hablar de la salida de Rusev e insultos de fan\u00e1ticos"},"content":{"rendered":"<p>Durante su nuevo especial del WWE Network, Chronicle, se le pregunt\u00f3 a Lana qu\u00e9 tan retante hab\u00eda sido este a\u00f1o para ella. <!--more--><div id=\"ad-slot\" style=\"min-width: 300px; min-height: 250px;\">\r\n<p style=\"text-align: center;\">\r\n<script async src=\"https:\/\/pagead2.googlesyndication.com\/pagead\/js\/adsbygoogle.js\"><\/script>\r\n<!-- 300x250 sc a -->\r\n<ins class=\"adsbygoogle\"\r\n     style=\"display:inline-block;width:300px;height:250px\"\r\n     data-ad-client=\"ca-pub-1244235910658811\"\r\n     data-ad-slot=\"8592682546\"><\/ins>\r\n<script>\r\n     (adsbygoogle = window.adsbygoogle || []).push({});\r\n<\/script><\/center>\r\n<\/p><\/div><br \/>\nUna emocional Lana lloraba cuando detall\u00f3 lo dif\u00edcil que fue para ella lidiar con la pandemia, la salida de su esposo Rusev y los ataques de la fanaticada.<\/p>\n<p>\u201cPor supuesto estar con una persona desde el principio, y viajar las 24 horas del d\u00eda, los 7 d\u00edas de la semana con esa persona y luego esa persona no est\u00e1 all\u00ed. Es muy dif\u00edcil. Ni siquiera s\u00e9 c\u00f3mo a veces sigo avanzando &#8220;.<\/p>\n<p>Dijo que era dif\u00edcil ver la gente abuchearla en las arenas, pero que a\u00fan ten\u00eda control sobre eso. Las cosas se volvieron muy diferentes cuando no hab\u00eda fans en vivo. Iba a casa y publicaba algo en Twitter y recib\u00eda odio instant\u00e1neo a trav\u00e9s de las redes sociales.<\/p>\n<p>&#8220;Todo el mundo es tan malo. No pude soportarlo m\u00e1s porque mi \u00fanica interacci\u00f3n con los seres humanos es mi cuenta de Instagram o Twitter y ahora todos en los comentarios dicen&#8221; deber\u00edas ser despedida, \u00bfpor qu\u00e9 no te han despedido? \u00a1Eres una in\u00fatil!,&#8221; dijo.<br \/>\n<div id=\"ad-slot\" style=\"min-width: 300px; min-height: 250px;\"><p style=\"text-align: center;\">\r\n<script async src=\"https:\/\/pagead2.googlesyndication.com\/pagead\/js\/adsbygoogle.js\"><\/script>\r\n<!-- Responsive sc c -->\r\n<ins class=\"adsbygoogle\"\r\n     style=\"display:block\"\r\n     data-ad-client=\"ca-pub-1244235910658811\"\r\n     data-ad-slot=\"4234005358\"\r\n     data-ad-format=\"auto\"\r\n     data-full-width-responsive=\"true\"><\/ins>\r\n<script>\r\n     (adsbygoogle = window.adsbygoogle || []).push({});\r\n<\/script><\/p><\/div><br \/>\nLana les dijo a sus padres que ten\u00edan que orar por ella porque no estaba muy bien mentalmente y dijo que no se rinde a pesar de todo lo que ha pasado.<\/p>\n<p>Puedes ver el pietaje a continuaci\u00f3n:<\/p>\n<blockquote class=\"twitter-tweet\">\n<p dir=\"ltr\" lang=\"en\">this is so heartbreaking  <a href=\"https:\/\/t.co\/e3BUGHtG32\">pic.twitter.com\/e3BUGHtG32<\/a><\/p>\n<p>\u2014  \u263c inactive (@ultrasliv) <a href=\"https:\/\/twitter.com\/ultrasliv\/status\/1330196764989796352?ref_src=twsrc%5Etfw\" target=\"_blank\" rel=\"noopener\">November 21, 2020<\/a><\/p><\/blockquote>\n<p><script async src=\"https:\/\/platform.twitter.com\/widgets.js\" charset=\"utf-8\"><\/script><\/p>\n","protected":false},"excerpt":{"rendered":"<p>Durante su nuevo especial del WWE Network, Chronicle, se le pregunt\u00f3 a Lana qu\u00e9 tan retante hab\u00eda sido este a\u00f1o para ella.<\/p>\n","protected":false},"author":1,"featured_media":128527,"comment_status":"open","ping_status":"closed","sticky":false,"template":"","format":"standard","meta":{"footnotes":""},"categories":[5,38],"tags":[1404,9],"class_list":{"0":"post-128526","1":"post","2":"type-post","3":"status-publish","4":"format-standard","5":"has-post-thumbnail","7":"category-noticias","8":"category-noticias-y-rumores-de-la-wwe","9":"tag-lana","10":"tag-wwe"},"_links":{"self":[{"href":"https:\/\/www.prwrestling.com\/nw\/wp-json\/wp\/v2\/posts\/128526","targetHints":{"allow":["GET"]}}],"collection":[{"href":"https:\/\/www.prwrestling.com\/nw\/wp-json\/wp\/v2\/posts"}],"about":[{"href":"https:\/\/www.prwrestling.com\/nw\/wp-json\/wp\/v2\/types\/post"}],"author":[{"embeddable":true,"href":"https:\/\/www.prwrestling.com\/nw\/wp-json\/wp\/v2\/users\/1"}],"replies":[{"embeddable":true,"href":"https:\/\/www.prwrestling.com\/nw\/wp-json\/wp\/v2\/comments?post=128526"}],"version-history":[{"count":1,"href":"https:\/\/www.prwrestling.com\/nw\/wp-json\/wp\/v2\/posts\/128526\/revisions"}],"predecessor-version":[{"id":128528,"href":"https:\/\/www.prwrestling.com\/nw\/wp-json\/wp\/v2\/posts\/128526\/revisions\/128528"}],"wp:featuredmedia":[{"embeddable":true,"href":"https:\/\/www.prwrestling.com\/nw\/wp-json\/wp\/v2\/media\/128527"}],"wp:attachment":[{"href":"https:\/\/www.prwrestling.com\/nw\/wp-json\/wp\/v2\/media?parent=128526"}],"wp:term":[{"taxonomy":"category","embeddable":true,"href":"https:\/\/www.prwrestling.com\/nw\/wp-json\/wp\/v2\/categories?post=128526"},{"taxonomy":"post_tag","embeddable":true,"href":"https:\/\/www.prwrestling.com\/nw\/wp-json\/wp\/v2\/tags?post=128526"}],"curies":[{"name":"wp","href":"https:\/\/api.w.org\/{rel}","templated":true}]}}