{"id":128570,"date":"2020-11-23T19:25:33","date_gmt":"2020-11-24T00:25:33","guid":{"rendered":"https:\/\/www.prwrestling.com\/nw\/?p=128570"},"modified":"2020-11-23T19:25:33","modified_gmt":"2020-11-24T00:25:33","slug":"bayley-confiesa-cambio-a-ruda-fue-una-decision-aterradora","status":"publish","type":"post","link":"https:\/\/www.prwrestling.com\/nw\/bayley-confiesa-cambio-a-ruda-fue-una-decision-aterradora\/","title":{"rendered":"Bayley confiesa cambio a ruda fue una decisi\u00f3n &#8220;aterradora&#8221;"},"content":{"rendered":"<p>La superestrella de la WWE Bayley fue la invitada m\u00e1s reciente en el podcast Feel The Power de New Day para hablar sobre su viaje desde ser una querendona de los fans hasta convertirse en la campeona m\u00e1s despiadada de Smackdown.<!--more--><div id=\"ad-slot\" style=\"min-width: 300px; min-height: 250px;\">\r\n<p style=\"text-align: center;\">\r\n<script async src=\"https:\/\/pagead2.googlesyndication.com\/pagead\/js\/adsbygoogle.js\"><\/script>\r\n<!-- 300x250 sc a -->\r\n<ins class=\"adsbygoogle\"\r\n     style=\"display:inline-block;width:300px;height:250px\"\r\n     data-ad-client=\"ca-pub-1244235910658811\"\r\n     data-ad-slot=\"8592682546\"><\/ins>\r\n<script>\r\n     (adsbygoogle = window.adsbygoogle || []).push({});\r\n<\/script><\/center>\r\n<\/p><\/div><br \/>\nBayley dijo que su deseo para cambiar de babyface a ruda fue creciendo seg\u00fan lograba nuevas metas en la WWE.<\/p>\n<p>\u201cFue un crecimiento gradual, algo de la vida real. Me tom\u00f3 un par de a\u00f1os, pero segu\u00ed viendo que era hora de un cambio y simplemente no quer\u00eda ser el mismo personaje o la misma persona por el resto de mi carrera. Sent\u00ed que ten\u00eda m\u00e1s para dar. No pens\u00e9 que me dar\u00edan esa oportunidad hasta que tuve esta cosa aleatoria en la que golpe\u00e9 a Becky con la silla y llor\u00e9 cuando perd\u00ed el t\u00edtulo en Hell In A Cell como, &#8216;No puedo volver a ser la misma persona. &#8216;As\u00ed que realmente luch\u00e9 por el cambio y por que todo llevara mi carrera en una direcci\u00f3n diferente,\u201d dijo.<\/p>\n<p>La luchadora acept\u00f3 que le dio mucho miedo tomar la decisi\u00f3n de convertirse a ruda.<br \/>\n<div id=\"ad-slot\" style=\"min-width: 300px; min-height: 250px;\"><p style=\"text-align: center;\">\r\n<script async src=\"https:\/\/pagead2.googlesyndication.com\/pagead\/js\/adsbygoogle.js\"><\/script>\r\n<!-- Responsive sc c -->\r\n<ins class=\"adsbygoogle\"\r\n     style=\"display:block\"\r\n     data-ad-client=\"ca-pub-1244235910658811\"\r\n     data-ad-slot=\"4234005358\"\r\n     data-ad-format=\"auto\"\r\n     data-full-width-responsive=\"true\"><\/ins>\r\n<script>\r\n     (adsbygoogle = window.adsbygoogle || []).push({});\r\n<\/script><\/p><\/div><br \/>\n\u201cHonestamente, ha sido la decisi\u00f3n m\u00e1s aterradora y la mejor decisi\u00f3n que he tomado y estoy tan feliz de que me hayan permitido hacerlo. Siento que los primeros siete a\u00f1os de mi carrera en la WWE los dediqu\u00e9 a los fan\u00e1ticos y le devolv\u00ed al ni\u00f1o peque\u00f1o porque quer\u00eda ser un h\u00e9roe para esos ni\u00f1os. Pero siento que este final de mi carrera ahora se trata solo de m\u00ed y ahora necesito hacer lo que necesito para llegar al siguiente nivel y ya no puedo estar aqu\u00ed. Necesitaba ir al siguiente nivel. Necesitaba decir: &#8216;Simplemente no me importan. Me preocupo por m\u00ed y por lo que voy a hacer para tener \u00e9xito,\u201d y encaja perfectamente . En este loco mundo de pandemia en el que vivimos este a\u00f1o sin fans, encaj\u00f3 perfectamente cuando finalmente traicion\u00e9 a los fans,\u201d dijo.<\/p>\n","protected":false},"excerpt":{"rendered":"<p>La superestrella de la WWE Bayley fue la invitada m\u00e1s reciente en el podcast Feel The Power de New Day para hablar sobre su viaje desde ser una querendona de los fans hasta convertirse en la campeona m\u00e1s despiadada de Smackdown.<\/p>\n","protected":false},"author":3,"featured_media":128572,"comment_status":"open","ping_status":"closed","sticky":false,"template":"","format":"standard","meta":{"footnotes":""},"categories":[5,38],"tags":[2025,9],"class_list":{"0":"post-128570","1":"post","2":"type-post","3":"status-publish","4":"format-standard","5":"has-post-thumbnail","7":"category-noticias","8":"category-noticias-y-rumores-de-la-wwe","9":"tag-bayley","10":"tag-wwe"},"_links":{"self":[{"href":"https:\/\/www.prwrestling.com\/nw\/wp-json\/wp\/v2\/posts\/128570","targetHints":{"allow":["GET"]}}],"collection":[{"href":"https:\/\/www.prwrestling.com\/nw\/wp-json\/wp\/v2\/posts"}],"about":[{"href":"https:\/\/www.prwrestling.com\/nw\/wp-json\/wp\/v2\/types\/post"}],"author":[{"embeddable":true,"href":"https:\/\/www.prwrestling.com\/nw\/wp-json\/wp\/v2\/users\/3"}],"replies":[{"embeddable":true,"href":"https:\/\/www.prwrestling.com\/nw\/wp-json\/wp\/v2\/comments?post=128570"}],"version-history":[{"count":1,"href":"https:\/\/www.prwrestling.com\/nw\/wp-json\/wp\/v2\/posts\/128570\/revisions"}],"predecessor-version":[{"id":128573,"href":"https:\/\/www.prwrestling.com\/nw\/wp-json\/wp\/v2\/posts\/128570\/revisions\/128573"}],"wp:featuredmedia":[{"embeddable":true,"href":"https:\/\/www.prwrestling.com\/nw\/wp-json\/wp\/v2\/media\/128572"}],"wp:attachment":[{"href":"https:\/\/www.prwrestling.com\/nw\/wp-json\/wp\/v2\/media?parent=128570"}],"wp:term":[{"taxonomy":"category","embeddable":true,"href":"https:\/\/www.prwrestling.com\/nw\/wp-json\/wp\/v2\/categories?post=128570"},{"taxonomy":"post_tag","embeddable":true,"href":"https:\/\/www.prwrestling.com\/nw\/wp-json\/wp\/v2\/tags?post=128570"}],"curies":[{"name":"wp","href":"https:\/\/api.w.org\/{rel}","templated":true}]}}