{"id":128793,"date":"2020-12-04T08:05:07","date_gmt":"2020-12-04T13:05:07","guid":{"rendered":"https:\/\/www.prwrestling.com\/nw\/?p=128793"},"modified":"2020-12-04T08:05:07","modified_gmt":"2020-12-04T13:05:07","slug":"detalles-sobre-los-ultimos-meses-de-pat-patterson-previo-a-su-fallecimiento","status":"publish","type":"post","link":"https:\/\/www.prwrestling.com\/nw\/detalles-sobre-los-ultimos-meses-de-pat-patterson-previo-a-su-fallecimiento\/","title":{"rendered":"Detalles sobre los \u00faltimos meses de Pat Patterson previo a su fallecimiento"},"content":{"rendered":"<p>El Wrestling Observer reporta que Pat Patterson hab\u00eda contra\u00eddo c\u00e1ncer de vejiga por primera vez hace varios a\u00f1os y hab\u00eda estado sufriendo demencia que estaba empeorando. <!--more--><div id=\"ad-slot\" style=\"min-width: 300px; min-height: 250px;\">\r\n<p style=\"text-align: center;\">\r\n<script async src=\"https:\/\/pagead2.googlesyndication.com\/pagead\/js\/adsbygoogle.js\"><\/script>\r\n<!-- 300x250 sc a -->\r\n<ins class=\"adsbygoogle\"\r\n     style=\"display:inline-block;width:300px;height:250px\"\r\n     data-ad-client=\"ca-pub-1244235910658811\"\r\n     data-ad-slot=\"8592682546\"><\/ins>\r\n<script>\r\n     (adsbygoogle = window.adsbygoogle || []).push({});\r\n<\/script><\/center>\r\n<\/p><\/div><br \/>\nPatterson estuvo viviendo durante sus \u00faltimos meses en Florida y se hab\u00eda mantenido muy unido al ex luchador de la WWE Sylvain Grenier. Grenier conoci\u00f3 a Patterson poco despu\u00e9s de la muerte de su propio padre, y Patterson se convirti\u00f3 en su figura paterna. Estaban tan unidos que Grenier ten\u00eda poder notarial de Patterson.<\/p>\n<p>Grenier fue a verlo el mes pasado en Florida y not\u00f3 que hab\u00eda perdido alrededor de 60 libras y estaba preocupado. Lo llev\u00f3 al hospital y le encontraron un tumor en el pulm\u00f3n.<\/p>\n<p>Patterson estaba programado para una biopsia para ver si era cancerosa el 4 de diciembre, lo que nunca sucedi\u00f3.<br \/>\n<div id=\"ad-slot\" style=\"min-width: 300px; min-height: 250px;\"><p style=\"text-align: center;\">\r\n<script async src=\"https:\/\/pagead2.googlesyndication.com\/pagead\/js\/adsbygoogle.js\"><\/script>\r\n<!-- Responsive sc c -->\r\n<ins class=\"adsbygoogle\"\r\n     style=\"display:block\"\r\n     data-ad-client=\"ca-pub-1244235910658811\"\r\n     data-ad-slot=\"4234005358\"\r\n     data-ad-format=\"auto\"\r\n     data-full-width-responsive=\"true\"><\/ins>\r\n<script>\r\n     (adsbygoogle = window.adsbygoogle || []).push({});\r\n<\/script><\/p><\/div><br \/>\nEl 27 de noviembre, Patterson fue trasladado de urgencia a un hospital de South Beach despu\u00e9s de un co\u00e1gulo de sangre en el h\u00edgado. El tumor tambi\u00e9n se hab\u00eda agrandado. Poco despu\u00e9s, se le dijo a Grenier, que hab\u00eda regresado a Montreal, que regresara si quer\u00eda volver a verlo, aunque cuando regres\u00f3, Patterson ya estaba en mal estado. Debido a COVID, ni siquiera se le permiti\u00f3 pasar mucho tiempo en el hospital.<\/p>\n<p>Oficialmente, Patterson falleci\u00f3 alrededor de la 1:15 a.m. del 2 de diciembre debido a una insuficiencia hep\u00e1tica, aunque existe una posibilidad de que tuviera c\u00e1ncer, y eso provoc\u00f3 otros problemas.<\/p>\n","protected":false},"excerpt":{"rendered":"<p>El Wrestling Observer reporta que Pat Patterson hab\u00eda contra\u00eddo c\u00e1ncer de vejiga por primera vez hace varios a\u00f1os y hab\u00eda estado sufriendo demencia que estaba empeorando.<\/p>\n","protected":false},"author":1,"featured_media":128794,"comment_status":"open","ping_status":"closed","sticky":false,"template":"","format":"standard","meta":{"footnotes":""},"categories":[5],"tags":[6138],"class_list":{"0":"post-128793","1":"post","2":"type-post","3":"status-publish","4":"format-standard","5":"has-post-thumbnail","7":"category-noticias","8":"tag-pat-patterson"},"_links":{"self":[{"href":"https:\/\/www.prwrestling.com\/nw\/wp-json\/wp\/v2\/posts\/128793","targetHints":{"allow":["GET"]}}],"collection":[{"href":"https:\/\/www.prwrestling.com\/nw\/wp-json\/wp\/v2\/posts"}],"about":[{"href":"https:\/\/www.prwrestling.com\/nw\/wp-json\/wp\/v2\/types\/post"}],"author":[{"embeddable":true,"href":"https:\/\/www.prwrestling.com\/nw\/wp-json\/wp\/v2\/users\/1"}],"replies":[{"embeddable":true,"href":"https:\/\/www.prwrestling.com\/nw\/wp-json\/wp\/v2\/comments?post=128793"}],"version-history":[{"count":0,"href":"https:\/\/www.prwrestling.com\/nw\/wp-json\/wp\/v2\/posts\/128793\/revisions"}],"wp:featuredmedia":[{"embeddable":true,"href":"https:\/\/www.prwrestling.com\/nw\/wp-json\/wp\/v2\/media\/128794"}],"wp:attachment":[{"href":"https:\/\/www.prwrestling.com\/nw\/wp-json\/wp\/v2\/media?parent=128793"}],"wp:term":[{"taxonomy":"category","embeddable":true,"href":"https:\/\/www.prwrestling.com\/nw\/wp-json\/wp\/v2\/categories?post=128793"},{"taxonomy":"post_tag","embeddable":true,"href":"https:\/\/www.prwrestling.com\/nw\/wp-json\/wp\/v2\/tags?post=128793"}],"curies":[{"name":"wp","href":"https:\/\/api.w.org\/{rel}","templated":true}]}}