{"id":128854,"date":"2020-12-07T07:52:21","date_gmt":"2020-12-07T12:52:21","guid":{"rendered":"https:\/\/www.prwrestling.com\/nw\/?p=128854"},"modified":"2020-12-07T07:52:21","modified_gmt":"2020-12-07T12:52:21","slug":"cambio-de-personaje-para-elias","status":"publish","type":"post","link":"https:\/\/www.prwrestling.com\/nw\/cambio-de-personaje-para-elias\/","title":{"rendered":"\u00bfCambio de personaje para Elias?"},"content":{"rendered":"<p>Elias se dirigi\u00f3 a los fans por primera vez el domingo, casi una semana despu\u00e9s de ser \u201celectrocutado\u201d durante el combate Symphony of Destruction contra Jeff Hardy en Monday Night Raw.<!--more--><div id=\"ad-slot\" style=\"min-width: 300px; min-height: 250px;\">\r\n<p style=\"text-align: center;\">\r\n<script async src=\"https:\/\/pagead2.googlesyndication.com\/pagead\/js\/adsbygoogle.js\"><\/script>\r\n<!-- 300x250 sc a -->\r\n<ins class=\"adsbygoogle\"\r\n     style=\"display:inline-block;width:300px;height:250px\"\r\n     data-ad-client=\"ca-pub-1244235910658811\"\r\n     data-ad-slot=\"8592682546\"><\/ins>\r\n<script>\r\n     (adsbygoogle = window.adsbygoogle || []).push({});\r\n<\/script><\/center>\r\n<\/p><\/div><br \/>\nA trav\u00e9s de un video publicado en Twitter, Elias dio las gracias por los que se preocuparon por \u00e9l, y luego dijo:<\/p>\n<p>&#8220;Los m\u00e9dicos tambi\u00e9n me dijeron que es posible que ya no pueda volver a tocar la guitarra&#8221;, dijo. &#8220;A pesar de todas esas probabilidades y gracias a la medicina moderna, he ganado una funci\u00f3n completa en mis manos. Y cuando me electrocutaron, algo cambi\u00f3 en El\u00edas.<\/p>\n<p>&#8220;Y adem\u00e1s de eso, he tenido visiones y s\u00e9 el prop\u00f3sito de mi vida. Y ahora que tengo ese conocimiento, compartir\u00e9 mi regalo con todos ustedes&#8221;.<br \/>\n<div id=\"ad-slot\" style=\"min-width: 300px; min-height: 250px;\"><p style=\"text-align: center;\">\r\n<script async src=\"https:\/\/pagead2.googlesyndication.com\/pagead\/js\/adsbygoogle.js\"><\/script>\r\n<!-- Responsive sc c -->\r\n<ins class=\"adsbygoogle\"\r\n     style=\"display:block\"\r\n     data-ad-client=\"ca-pub-1244235910658811\"\r\n     data-ad-slot=\"4234005358\"\r\n     data-ad-format=\"auto\"\r\n     data-full-width-responsive=\"true\"><\/ins>\r\n<script>\r\n     (adsbygoogle = window.adsbygoogle || []).push({});\r\n<\/script><\/p><\/div><br \/>\nMira el video a continuaci\u00f3n:<\/p>\n<blockquote class=\"twitter-tweet\">\n<p lang=\"en\" dir=\"ltr\">Update: &#x26a1;&#xfe0f; &#x1f3b8; &#x1f3e5; <a href=\"https:\/\/twitter.com\/WWE?ref_src=twsrc%5Etfw\" target=\"_blank\" rel=\"noopener\">@WWE<\/a> <a href=\"https:\/\/t.co\/NTq4eOjfGH\">pic.twitter.com\/NTq4eOjfGH<\/a><\/p>\n<p>&mdash; Elias (@IAmEliasWWE) <a href=\"https:\/\/twitter.com\/IAmEliasWWE\/status\/1335701179318345728?ref_src=twsrc%5Etfw\" target=\"_blank\" rel=\"noopener\">December 6, 2020<\/a><\/p><\/blockquote>\n<p> <script async src=\"https:\/\/platform.twitter.com\/widgets.js\" charset=\"utf-8\"><\/script><\/p>\n","protected":false},"excerpt":{"rendered":"<p>Elias se dirigi\u00f3 a los fans por primera vez el domingo, casi una semana despu\u00e9s de ser \u201celectrocutado\u201d durante el combate Symphony of Destruction contra Jeff Hardy en Monday Night Raw.<\/p>\n","protected":false},"author":1,"featured_media":122124,"comment_status":"open","ping_status":"closed","sticky":false,"template":"","format":"standard","meta":{"footnotes":""},"categories":[5,38],"tags":[1388,9],"class_list":{"0":"post-128854","1":"post","2":"type-post","3":"status-publish","4":"format-standard","5":"has-post-thumbnail","7":"category-noticias","8":"category-noticias-y-rumores-de-la-wwe","9":"tag-elias","10":"tag-wwe"},"_links":{"self":[{"href":"https:\/\/www.prwrestling.com\/nw\/wp-json\/wp\/v2\/posts\/128854","targetHints":{"allow":["GET"]}}],"collection":[{"href":"https:\/\/www.prwrestling.com\/nw\/wp-json\/wp\/v2\/posts"}],"about":[{"href":"https:\/\/www.prwrestling.com\/nw\/wp-json\/wp\/v2\/types\/post"}],"author":[{"embeddable":true,"href":"https:\/\/www.prwrestling.com\/nw\/wp-json\/wp\/v2\/users\/1"}],"replies":[{"embeddable":true,"href":"https:\/\/www.prwrestling.com\/nw\/wp-json\/wp\/v2\/comments?post=128854"}],"version-history":[{"count":0,"href":"https:\/\/www.prwrestling.com\/nw\/wp-json\/wp\/v2\/posts\/128854\/revisions"}],"wp:featuredmedia":[{"embeddable":true,"href":"https:\/\/www.prwrestling.com\/nw\/wp-json\/wp\/v2\/media\/122124"}],"wp:attachment":[{"href":"https:\/\/www.prwrestling.com\/nw\/wp-json\/wp\/v2\/media?parent=128854"}],"wp:term":[{"taxonomy":"category","embeddable":true,"href":"https:\/\/www.prwrestling.com\/nw\/wp-json\/wp\/v2\/categories?post=128854"},{"taxonomy":"post_tag","embeddable":true,"href":"https:\/\/www.prwrestling.com\/nw\/wp-json\/wp\/v2\/tags?post=128854"}],"curies":[{"name":"wp","href":"https:\/\/api.w.org\/{rel}","templated":true}]}}