{"id":128878,"date":"2020-12-09T17:17:35","date_gmt":"2020-12-09T22:17:35","guid":{"rendered":"https:\/\/www.prwrestling.com\/nw\/?p=128878"},"modified":"2020-12-09T17:17:35","modified_gmt":"2020-12-09T22:17:35","slug":"sonya-deville-dice-denuncira-a-todo-fan-que-le-envie-amenazas","status":"publish","type":"post","link":"https:\/\/www.prwrestling.com\/nw\/sonya-deville-dice-denuncira-a-todo-fan-que-le-envie-amenazas\/","title":{"rendered":"Sonya Deville dice denuncir\u00e1 a todo fan que le env\u00ede amenazas"},"content":{"rendered":"<p>Sonya Deville dej\u00f3 en claro hoy en Instagram que ama a sus fan\u00e1ticos, pero no dudar\u00e1 en denunciarlos o emprender acciones legales si cruzan la l\u00ednea.<!--more--><div id=\"ad-slot\" style=\"min-width: 300px; min-height: 250px;\">\r\n<p style=\"text-align: center;\">\r\n<script async src=\"https:\/\/pagead2.googlesyndication.com\/pagead\/js\/adsbygoogle.js\"><\/script>\r\n<!-- 300x250 sc a -->\r\n<ins class=\"adsbygoogle\"\r\n     style=\"display:inline-block;width:300px;height:250px\"\r\n     data-ad-client=\"ca-pub-1244235910658811\"\r\n     data-ad-slot=\"8592682546\"><\/ins>\r\n<script>\r\n     (adsbygoogle = window.adsbygoogle || []).push({});\r\n<\/script><\/center>\r\n<\/p><\/div><br \/>\n&#8220;Voy a decir esto una vez y tratar de ser clara&#8221;, escribi\u00f3 Deville. \u201cAmo mucho a mis fans y los aprecio a pesar de lo que ha sucedido. No los clasifico a todos como psic\u00f3patas furiosos. Pero acosarme a m\u00ed misma o a las personas con las que he estado, nunca es aceptable. Comparto mi vida con todos ustedes hasta cierto punto porque es parte de lo que hago y en lo que me inscrib\u00ed.\u201d<\/p>\n<p>\u201cDicho esto, no dudar\u00e9 en denunciar o emprender acciones legales contra cualquiera que haya enviado mensajes amenazantes o cualquier cosa inapropiada a m\u00ed o para alguien en mi vida. Como mencion\u00e9, no estoy bromeando en absoluto y es una pol\u00edtica de tolerancia cero en este punto debido al incidente mencionado, gracias. [emoji de sonrisa].\u201d  expres\u00f3<br \/>\n<div id=\"ad-slot\" style=\"min-width: 300px; min-height: 250px;\"><p style=\"text-align: center;\">\r\n<script async src=\"https:\/\/pagead2.googlesyndication.com\/pagead\/js\/adsbygoogle.js\"><\/script>\r\n<!-- Responsive sc c -->\r\n<ins class=\"adsbygoogle\"\r\n     style=\"display:block\"\r\n     data-ad-client=\"ca-pub-1244235910658811\"\r\n     data-ad-slot=\"4234005358\"\r\n     data-ad-format=\"auto\"\r\n     data-full-width-responsive=\"true\"><\/ins>\r\n<script>\r\n     (adsbygoogle = window.adsbygoogle || []).push({});\r\n<\/script><\/p><\/div><br \/>\nQueda por ver qu\u00e9 provoc\u00f3 este mensaje de Deville, si es que algo reciente, o si est\u00e1 relacionado al incidente con el fanatico Phillip Thomas II tras el intento de secuestro de Deville en agosto en su casa en Florida.<\/p>\n<p>Las deposiciones para el caso contra Thomas est\u00e1n programadas para comenzar el 3 de febrero de 2021 y durar\u00e1n al menos hasta el 17 de marzo. <\/p>\n<p>Deville ha estado alejada de las historias de la WWE desde que perdi\u00f3 el combate \u201cNo DQ, Loser Leaves WWE\u201d ante Mandy Rose en WWE SummerSlam a finales de agosto. Ella permanece bajo contrato con la WWE, pero no se sabe cu\u00e1ndo la traer\u00e1n de regreso.<\/p>\n","protected":false},"excerpt":{"rendered":"<p>Sonya Deville dej\u00f3 en claro hoy en Instagram que ama a sus fan\u00e1ticos, pero no dudar\u00e1 en denunciarlos o emprender acciones legales si cruzan la l\u00ednea.<\/p>\n","protected":false},"author":1,"featured_media":125809,"comment_status":"open","ping_status":"closed","sticky":false,"template":"","format":"standard","meta":{"footnotes":""},"categories":[5,38],"tags":[1541,9],"class_list":{"0":"post-128878","1":"post","2":"type-post","3":"status-publish","4":"format-standard","5":"has-post-thumbnail","7":"category-noticias","8":"category-noticias-y-rumores-de-la-wwe","9":"tag-sonya-deville","10":"tag-wwe"},"_links":{"self":[{"href":"https:\/\/www.prwrestling.com\/nw\/wp-json\/wp\/v2\/posts\/128878","targetHints":{"allow":["GET"]}}],"collection":[{"href":"https:\/\/www.prwrestling.com\/nw\/wp-json\/wp\/v2\/posts"}],"about":[{"href":"https:\/\/www.prwrestling.com\/nw\/wp-json\/wp\/v2\/types\/post"}],"author":[{"embeddable":true,"href":"https:\/\/www.prwrestling.com\/nw\/wp-json\/wp\/v2\/users\/1"}],"replies":[{"embeddable":true,"href":"https:\/\/www.prwrestling.com\/nw\/wp-json\/wp\/v2\/comments?post=128878"}],"version-history":[{"count":0,"href":"https:\/\/www.prwrestling.com\/nw\/wp-json\/wp\/v2\/posts\/128878\/revisions"}],"wp:featuredmedia":[{"embeddable":true,"href":"https:\/\/www.prwrestling.com\/nw\/wp-json\/wp\/v2\/media\/125809"}],"wp:attachment":[{"href":"https:\/\/www.prwrestling.com\/nw\/wp-json\/wp\/v2\/media?parent=128878"}],"wp:term":[{"taxonomy":"category","embeddable":true,"href":"https:\/\/www.prwrestling.com\/nw\/wp-json\/wp\/v2\/categories?post=128878"},{"taxonomy":"post_tag","embeddable":true,"href":"https:\/\/www.prwrestling.com\/nw\/wp-json\/wp\/v2\/tags?post=128878"}],"curies":[{"name":"wp","href":"https:\/\/api.w.org\/{rel}","templated":true}]}}