{"id":128900,"date":"2020-12-10T22:40:13","date_gmt":"2020-12-11T03:40:13","guid":{"rendered":"https:\/\/www.prwrestling.com\/nw\/?p=128900"},"modified":"2020-12-11T08:47:19","modified_gmt":"2020-12-11T13:47:19","slug":"fallece-tommy-zeus-lister","status":"publish","type":"post","link":"https:\/\/www.prwrestling.com\/nw\/fallece-tommy-zeus-lister\/","title":{"rendered":"Fallece Tommy &#8220;Zeus&#8221; Lister"},"content":{"rendered":"<p>Tommy &#8220;Tiny&#8221; Lister, quien luch\u00f3 como Zeus en la WWF, falleci\u00f3. Ten\u00eda 62 a\u00f1os de edad.<!--more--><div id=\"ad-slot\" style=\"min-width: 300px; min-height: 250px;\">\r\n<p style=\"text-align: center;\">\r\n<script async src=\"https:\/\/pagead2.googlesyndication.com\/pagead\/js\/adsbygoogle.js\"><\/script>\r\n<!-- 300x250 sc a -->\r\n<ins class=\"adsbygoogle\"\r\n     style=\"display:inline-block;width:300px;height:250px\"\r\n     data-ad-client=\"ca-pub-1244235910658811\"\r\n     data-ad-slot=\"8592682546\"><\/ins>\r\n<script>\r\n     (adsbygoogle = window.adsbygoogle || []).push({});\r\n<\/script><\/center>\r\n<\/p><\/div><br \/>\nUn comunicado del Departamento del Sheriff del condado de Los \u00c1ngeles dice que los amigos y socios comerciales de Lister se preocuparon el jueves cuando no hab\u00edan tenido noticias de \u00e9l desde el mi\u00e9rcoles por la noche. Los agentes realizaron un control de bienestar donde se dirigieron a su apartamento y lo encontraron muerto.<\/p>\n<p>No hay informaci\u00f3n sobre la causa oficial de muerte.<\/p>\n<p>Lister interpret\u00f3 a Zeus en la pel\u00edcula del 1989 de Hulk Hogan &#8220;No Holds Barred&#8221;. Tambi\u00e9n luch\u00f3 en un par de combates por la promoci\u00f3n de la pel\u00edcula. Despu\u00e9s de su corto tiempo con la WWE, Lister fue al World Wrestling Council en 1990. En 1996, tuvo una breve corrida con WCW como Z-Gangsta.<br \/>\n<div id=\"ad-slot\" style=\"min-width: 300px; min-height: 250px;\"><p style=\"text-align: center;\">\r\n<script async src=\"https:\/\/pagead2.googlesyndication.com\/pagead\/js\/adsbygoogle.js\"><\/script>\r\n<!-- Responsive sc c -->\r\n<ins class=\"adsbygoogle\"\r\n     style=\"display:block\"\r\n     data-ad-client=\"ca-pub-1244235910658811\"\r\n     data-ad-slot=\"4234005358\"\r\n     data-ad-format=\"auto\"\r\n     data-full-width-responsive=\"true\"><\/ins>\r\n<script>\r\n     (adsbygoogle = window.adsbygoogle || []).push({});\r\n<\/script><\/p><\/div><br \/>\nAdem\u00e1s tuvo una extensa carrera en el mundo del entretenimiento, apareciendo en pel\u00edculas y programas de TV. Uno de sus roles mas recordados fue como Deebo, el mat\u00f3n del vecindario en la pel\u00edcula de 1995 <em>Friday<\/em> y su secuela, <em>Next Friday<\/em>.<br \/>\n<iframe loading=\"lazy\" src=\"https:\/\/www.youtube.com\/embed\/clXEWPfct_o\" width=\"666\" height=\"374\" frameborder=\"0\" allowfullscreen=\"allowfullscreen\"><\/iframe><br \/>\n<iframe loading=\"lazy\" src=\"https:\/\/www.youtube.com\/embed\/xpnyOlQUF8k\" width=\"643\" height=\"482\" frameborder=\"0\" allowfullscreen=\"allowfullscreen\"><\/iframe><\/p>\n","protected":false},"excerpt":{"rendered":"<p>Tommy &#8220;Tiny&#8221; Lister, quien luch\u00f3 como Zeus en la WWF, falleci\u00f3. Ten\u00eda 62 a\u00f1os de edad.<\/p>\n","protected":false},"author":1,"featured_media":128901,"comment_status":"open","ping_status":"closed","sticky":false,"template":"","format":"standard","meta":{"footnotes":""},"categories":[5],"tags":[6172],"class_list":{"0":"post-128900","1":"post","2":"type-post","3":"status-publish","4":"format-standard","5":"has-post-thumbnail","7":"category-noticias","8":"tag-zeus"},"_links":{"self":[{"href":"https:\/\/www.prwrestling.com\/nw\/wp-json\/wp\/v2\/posts\/128900","targetHints":{"allow":["GET"]}}],"collection":[{"href":"https:\/\/www.prwrestling.com\/nw\/wp-json\/wp\/v2\/posts"}],"about":[{"href":"https:\/\/www.prwrestling.com\/nw\/wp-json\/wp\/v2\/types\/post"}],"author":[{"embeddable":true,"href":"https:\/\/www.prwrestling.com\/nw\/wp-json\/wp\/v2\/users\/1"}],"replies":[{"embeddable":true,"href":"https:\/\/www.prwrestling.com\/nw\/wp-json\/wp\/v2\/comments?post=128900"}],"version-history":[{"count":5,"href":"https:\/\/www.prwrestling.com\/nw\/wp-json\/wp\/v2\/posts\/128900\/revisions"}],"predecessor-version":[{"id":128912,"href":"https:\/\/www.prwrestling.com\/nw\/wp-json\/wp\/v2\/posts\/128900\/revisions\/128912"}],"wp:featuredmedia":[{"embeddable":true,"href":"https:\/\/www.prwrestling.com\/nw\/wp-json\/wp\/v2\/media\/128901"}],"wp:attachment":[{"href":"https:\/\/www.prwrestling.com\/nw\/wp-json\/wp\/v2\/media?parent=128900"}],"wp:term":[{"taxonomy":"category","embeddable":true,"href":"https:\/\/www.prwrestling.com\/nw\/wp-json\/wp\/v2\/categories?post=128900"},{"taxonomy":"post_tag","embeddable":true,"href":"https:\/\/www.prwrestling.com\/nw\/wp-json\/wp\/v2\/tags?post=128900"}],"curies":[{"name":"wp","href":"https:\/\/api.w.org\/{rel}","templated":true}]}}