{"id":128913,"date":"2020-12-11T12:52:14","date_gmt":"2020-12-11T17:52:14","guid":{"rendered":"https:\/\/www.prwrestling.com\/nw\/?p=128913"},"modified":"2020-12-11T14:22:45","modified_gmt":"2020-12-11T19:22:45","slug":"reporte-vince-mcmahon-ordena-a-luchadores-a-tomar-clases-en-el-pc","status":"publish","type":"post","link":"https:\/\/www.prwrestling.com\/nw\/reporte-vince-mcmahon-ordena-a-luchadores-a-tomar-clases-en-el-pc\/","title":{"rendered":"Reporte: Vince McMahon ordena a luchadores a tomar clases en el PC"},"content":{"rendered":"<p>El presidente y director ejecutivo de WWE, Vince McMahon, orden\u00f3 que algunas Superestrellas del roster principal regresaran al WWE Performance Center para entrenamiento adicional la semana pasada.<!--more--><div id=\"ad-slot\" style=\"min-width: 300px; min-height: 250px;\">\r\n<p style=\"text-align: center;\">\r\n<script async src=\"https:\/\/pagead2.googlesyndication.com\/pagead\/js\/adsbygoogle.js\"><\/script>\r\n<!-- 300x250 sc a -->\r\n<ins class=\"adsbygoogle\"\r\n     style=\"display:inline-block;width:300px;height:250px\"\r\n     data-ad-client=\"ca-pub-1244235910658811\"\r\n     data-ad-slot=\"8592682546\"><\/ins>\r\n<script>\r\n     (adsbygoogle = window.adsbygoogle || []).push({});\r\n<\/script><\/center>\r\n<\/p><\/div><br \/>\nMcMahon recientemente &#8220;estuvo en ira&#8221; sobre la capacidad en el ring de ciertos talentos en el roster, seg\u00fan el Wrestling Observer Newsletter.<\/p>\n<p>Se dec\u00eda que Vince estaba especialmente molesto con algunos de los luchadores &#8220;grandes&#8221;. <a href=\"http:\/\/pwinsider.com\" target=\"_blank\" rel=\"noopener\">PWInsider<\/a> reporta que estos eran Otis, Keith Lee, Dabba-Kato, Dio Maddin, y Omos.<\/p>\n<p>Seg\u00fan los informes, Vince orden\u00f3 a este grupo de luchadores a someterse a dos clases de entrenamiento por semana. Las clases est\u00e1n siendo impartidas por Drew Gulak y Adam Pearce.<\/p>\n","protected":false},"excerpt":{"rendered":"<p>El presidente y director ejecutivo de WWE, Vince McMahon, orden\u00f3 que algunas Superestrellas del roster principal regresaran al WWE Performance Center para entrenamiento adicional la semana pasada.<\/p>\n","protected":false},"author":3,"featured_media":127410,"comment_status":"open","ping_status":"closed","sticky":false,"template":"","format":"standard","meta":{"footnotes":""},"categories":[5,38],"tags":[1359,9],"class_list":{"0":"post-128913","1":"post","2":"type-post","3":"status-publish","4":"format-standard","5":"has-post-thumbnail","7":"category-noticias","8":"category-noticias-y-rumores-de-la-wwe","9":"tag-vince-mcmahon","10":"tag-wwe"},"_links":{"self":[{"href":"https:\/\/www.prwrestling.com\/nw\/wp-json\/wp\/v2\/posts\/128913","targetHints":{"allow":["GET"]}}],"collection":[{"href":"https:\/\/www.prwrestling.com\/nw\/wp-json\/wp\/v2\/posts"}],"about":[{"href":"https:\/\/www.prwrestling.com\/nw\/wp-json\/wp\/v2\/types\/post"}],"author":[{"embeddable":true,"href":"https:\/\/www.prwrestling.com\/nw\/wp-json\/wp\/v2\/users\/3"}],"replies":[{"embeddable":true,"href":"https:\/\/www.prwrestling.com\/nw\/wp-json\/wp\/v2\/comments?post=128913"}],"version-history":[{"count":2,"href":"https:\/\/www.prwrestling.com\/nw\/wp-json\/wp\/v2\/posts\/128913\/revisions"}],"predecessor-version":[{"id":128916,"href":"https:\/\/www.prwrestling.com\/nw\/wp-json\/wp\/v2\/posts\/128913\/revisions\/128916"}],"wp:featuredmedia":[{"embeddable":true,"href":"https:\/\/www.prwrestling.com\/nw\/wp-json\/wp\/v2\/media\/127410"}],"wp:attachment":[{"href":"https:\/\/www.prwrestling.com\/nw\/wp-json\/wp\/v2\/media?parent=128913"}],"wp:term":[{"taxonomy":"category","embeddable":true,"href":"https:\/\/www.prwrestling.com\/nw\/wp-json\/wp\/v2\/categories?post=128913"},{"taxonomy":"post_tag","embeddable":true,"href":"https:\/\/www.prwrestling.com\/nw\/wp-json\/wp\/v2\/tags?post=128913"}],"curies":[{"name":"wp","href":"https:\/\/api.w.org\/{rel}","templated":true}]}}