{"id":128917,"date":"2020-12-11T15:54:38","date_gmt":"2020-12-11T20:54:38","guid":{"rendered":"https:\/\/www.prwrestling.com\/nw\/?p=128917"},"modified":"2020-12-11T15:54:38","modified_gmt":"2020-12-11T20:54:38","slug":"confirman-retorno-de-kenny-omega-a-impact","status":"publish","type":"post","link":"https:\/\/www.prwrestling.com\/nw\/confirman-retorno-de-kenny-omega-a-impact\/","title":{"rendered":"Confirman retorno de Kenny Omega a Impact"},"content":{"rendered":"<p>IMPACT Wrestling ha anunciado en Twitter que el campe\u00f3n mundial de AEW Kenny Omega regresar\u00e1 a la promoci\u00f3n en el episodio de este martes en AXS TV.<!--more--><div id=\"ad-slot\" style=\"min-width: 300px; min-height: 250px;\">\r\n<p style=\"text-align: center;\">\r\n<script async src=\"https:\/\/pagead2.googlesyndication.com\/pagead\/js\/adsbygoogle.js\"><\/script>\r\n<!-- 300x250 sc a -->\r\n<ins class=\"adsbygoogle\"\r\n     style=\"display:inline-block;width:300px;height:250px\"\r\n     data-ad-client=\"ca-pub-1244235910658811\"\r\n     data-ad-slot=\"8592682546\"><\/ins>\r\n<script>\r\n     (adsbygoogle = window.adsbygoogle || []).push({});\r\n<\/script><\/center>\r\n<\/p><\/div><\/p>\n<p> Una vez m\u00e1s, The Cleaner estar\u00e1 acompa\u00f1ado por el comentarista y ejecutivo de IMPACT, Don Callis.<\/p>\n<blockquote class=\"twitter-tweet\">\n<p lang=\"en\" dir=\"ltr\">BREAKING: We have confirmed that <a href=\"https:\/\/twitter.com\/AEW?ref_src=twsrc%5Etfw\" target=\"_blank\" rel=\"noopener\">@AEW<\/a> World Champion <a href=\"https:\/\/twitter.com\/KennyOmegamanX?ref_src=twsrc%5Etfw\" target=\"_blank\" rel=\"noopener\">@KennyOmegamanX<\/a> and <a href=\"https:\/\/twitter.com\/TheDonCallis?ref_src=twsrc%5Etfw\" target=\"_blank\" rel=\"noopener\">@TheDonCallis<\/a> will return to IMPACT THIS TUESDAY at 8\/7c on <a href=\"https:\/\/twitter.com\/AXSTV?ref_src=twsrc%5Etfw\" target=\"_blank\" rel=\"noopener\">@AXSTV<\/a>! <a href=\"https:\/\/twitter.com\/hashtag\/IMPACTonAXSTV?src=hash&amp;ref_src=twsrc%5Etfw\" target=\"_blank\" rel=\"noopener\">#IMPACTonAXSTV<\/a> <a href=\"https:\/\/t.co\/EaNFEY0Olo\">pic.twitter.com\/EaNFEY0Olo<\/a><\/p>\n<p>&mdash; IMPACT (@IMPACTWRESTLING) <a href=\"https:\/\/twitter.com\/IMPACTWRESTLING\/status\/1337485974864007169?ref_src=twsrc%5Etfw\" target=\"_blank\" rel=\"noopener\">December 11, 2020<\/a><\/p><\/blockquote>\n<p> <script async src=\"https:\/\/platform.twitter.com\/widgets.js\" charset=\"utf-8\"><\/script><\/p>\n","protected":false},"excerpt":{"rendered":"<p>IMPACT Wrestling ha anunciado en Twitter que el campe\u00f3n mundial de AEW Kenny Omega regresar\u00e1 a la promoci\u00f3n en el episodio de este martes en AXS TV.<\/p>\n","protected":false},"author":1,"featured_media":114948,"comment_status":"open","ping_status":"closed","sticky":false,"template":"","format":"standard","meta":{"footnotes":""},"categories":[5,1],"tags":[],"class_list":{"0":"post-128917","1":"post","2":"type-post","3":"status-publish","4":"format-standard","5":"has-post-thumbnail","7":"category-noticias","8":"category-all-elite-wrestling"},"_links":{"self":[{"href":"https:\/\/www.prwrestling.com\/nw\/wp-json\/wp\/v2\/posts\/128917","targetHints":{"allow":["GET"]}}],"collection":[{"href":"https:\/\/www.prwrestling.com\/nw\/wp-json\/wp\/v2\/posts"}],"about":[{"href":"https:\/\/www.prwrestling.com\/nw\/wp-json\/wp\/v2\/types\/post"}],"author":[{"embeddable":true,"href":"https:\/\/www.prwrestling.com\/nw\/wp-json\/wp\/v2\/users\/1"}],"replies":[{"embeddable":true,"href":"https:\/\/www.prwrestling.com\/nw\/wp-json\/wp\/v2\/comments?post=128917"}],"version-history":[{"count":0,"href":"https:\/\/www.prwrestling.com\/nw\/wp-json\/wp\/v2\/posts\/128917\/revisions"}],"wp:featuredmedia":[{"embeddable":true,"href":"https:\/\/www.prwrestling.com\/nw\/wp-json\/wp\/v2\/media\/114948"}],"wp:attachment":[{"href":"https:\/\/www.prwrestling.com\/nw\/wp-json\/wp\/v2\/media?parent=128917"}],"wp:term":[{"taxonomy":"category","embeddable":true,"href":"https:\/\/www.prwrestling.com\/nw\/wp-json\/wp\/v2\/categories?post=128917"},{"taxonomy":"post_tag","embeddable":true,"href":"https:\/\/www.prwrestling.com\/nw\/wp-json\/wp\/v2\/tags?post=128917"}],"curies":[{"name":"wp","href":"https:\/\/api.w.org\/{rel}","templated":true}]}}