{"id":128919,"date":"2020-12-11T16:01:37","date_gmt":"2020-12-11T21:01:37","guid":{"rendered":"https:\/\/www.prwrestling.com\/nw\/?p=128919"},"modified":"2020-12-11T16:01:37","modified_gmt":"2020-12-11T21:01:37","slug":"ec3-dice-comentarios-de-moxley-fueron-de-ayuda","status":"publish","type":"post","link":"https:\/\/www.prwrestling.com\/nw\/ec3-dice-comentarios-de-moxley-fueron-de-ayuda\/","title":{"rendered":"EC3 dice comentarios de Moxley fueron de ayuda"},"content":{"rendered":"<p>La carrera de EC3 en la WWE se esfum\u00f3 r\u00e1pidamente, y muchos fan\u00e1ticos se preguntaron por qu\u00e9 Vince McMahon dej\u00f3 de utilizarlo. <!--more--><div id=\"ad-slot\" style=\"min-width: 300px; min-height: 250px;\">\r\n<p style=\"text-align: center;\">\r\n<script async src=\"https:\/\/pagead2.googlesyndication.com\/pagead\/js\/adsbygoogle.js\"><\/script>\r\n<!-- 300x250 sc a -->\r\n<ins class=\"adsbygoogle\"\r\n     style=\"display:inline-block;width:300px;height:250px\"\r\n     data-ad-client=\"ca-pub-1244235910658811\"\r\n     data-ad-slot=\"8592682546\"><\/ins>\r\n<script>\r\n     (adsbygoogle = window.adsbygoogle || []).push({});\r\n<\/script><\/center>\r\n<\/p><\/div><br \/>\nJon Moxley revel\u00f3 todo diciendo que McMahon estaba molesto con EC3 porque no pudo lograr que los fan\u00e1ticos abuchearan a Dean Ambrose durante sus ultimas semanas en la WWE y complement\u00f3 el trabajo del luchador.<\/p>\n<p>Mientras hablaba con Fightful, EC3 admiti\u00f3 que las palabras de Jon Moxley significaban mucho para \u00e9l. Moxley tambi\u00e9n les hizo saber a todos que no fue culpa de EC3 que su carrera en la WWE fallara.<\/p>\n<p>\u201cEso ayud\u00f3 mucho porque tengo un gran respeto por \u00e9l y su trabajo. Supongo que fue una buena palabra de validaci\u00f3n. Porque no voy a ser el tipo que se va a quejar en las redes sociales. No voy a ser el tipo que va a quejarse, quejarse y gemir por cualquier cosa. Voy a intentar manejarlo lo mejor que pueda o voy a hacer lo que sea necesario para salir de eso. Yo mismo har\u00e9 lo que pueda. Pero eso ayud\u00f3.\u201d<br \/>\n<div id=\"ad-slot\" style=\"min-width: 300px; min-height: 250px;\"><p style=\"text-align: center;\">\r\n<script async src=\"https:\/\/pagead2.googlesyndication.com\/pagead\/js\/adsbygoogle.js\"><\/script>\r\n<!-- Responsive sc c -->\r\n<ins class=\"adsbygoogle\"\r\n     style=\"display:block\"\r\n     data-ad-client=\"ca-pub-1244235910658811\"\r\n     data-ad-slot=\"4234005358\"\r\n     data-ad-format=\"auto\"\r\n     data-full-width-responsive=\"true\"><\/ins>\r\n<script>\r\n     (adsbygoogle = window.adsbygoogle || []).push({});\r\n<\/script><\/p><\/div><br \/>\n\u201cSimplemente no quiero que la gente piense que no lo intentar\u00eda o que me relegar\u00eda a ser promedio porque nunca har\u00eda eso. Nunca. Simplemente no es quien soy. Entonces, eso ayud\u00f3. Si. Me quito el sombrero, &#8216;Gracias, hermano&#8217;,&#8221;.<\/p>\n<p>\u201cAl mismo tiempo, no puedo cargar demasiado en la opini\u00f3n de un hombre tanto como se la respeto. No me va a hacer ning\u00fan favor aqu\u00ed, as\u00ed que todav\u00eda tengo que trabajar con lo que tengo. Pero estaba dispuesto a intentarlo,&#8221; dijo.<\/p>\n","protected":false},"excerpt":{"rendered":"<p>La carrera de EC3 en la WWE se esfum\u00f3 r\u00e1pidamente, y muchos fan\u00e1ticos se preguntaron por qu\u00e9 Vince McMahon dej\u00f3 de utilizarlo.<\/p>\n","protected":false},"author":1,"featured_media":128920,"comment_status":"open","ping_status":"closed","sticky":false,"template":"","format":"standard","meta":{"footnotes":""},"categories":[5],"tags":[2551],"class_list":{"0":"post-128919","1":"post","2":"type-post","3":"status-publish","4":"format-standard","5":"has-post-thumbnail","7":"category-noticias","8":"tag-ec3"},"_links":{"self":[{"href":"https:\/\/www.prwrestling.com\/nw\/wp-json\/wp\/v2\/posts\/128919","targetHints":{"allow":["GET"]}}],"collection":[{"href":"https:\/\/www.prwrestling.com\/nw\/wp-json\/wp\/v2\/posts"}],"about":[{"href":"https:\/\/www.prwrestling.com\/nw\/wp-json\/wp\/v2\/types\/post"}],"author":[{"embeddable":true,"href":"https:\/\/www.prwrestling.com\/nw\/wp-json\/wp\/v2\/users\/1"}],"replies":[{"embeddable":true,"href":"https:\/\/www.prwrestling.com\/nw\/wp-json\/wp\/v2\/comments?post=128919"}],"version-history":[{"count":0,"href":"https:\/\/www.prwrestling.com\/nw\/wp-json\/wp\/v2\/posts\/128919\/revisions"}],"wp:featuredmedia":[{"embeddable":true,"href":"https:\/\/www.prwrestling.com\/nw\/wp-json\/wp\/v2\/media\/128920"}],"wp:attachment":[{"href":"https:\/\/www.prwrestling.com\/nw\/wp-json\/wp\/v2\/media?parent=128919"}],"wp:term":[{"taxonomy":"category","embeddable":true,"href":"https:\/\/www.prwrestling.com\/nw\/wp-json\/wp\/v2\/categories?post=128919"},{"taxonomy":"post_tag","embeddable":true,"href":"https:\/\/www.prwrestling.com\/nw\/wp-json\/wp\/v2\/tags?post=128919"}],"curies":[{"name":"wp","href":"https:\/\/api.w.org\/{rel}","templated":true}]}}