{"id":128936,"date":"2020-12-12T18:38:41","date_gmt":"2020-12-12T23:38:41","guid":{"rendered":"https:\/\/www.prwrestling.com\/nw\/?p=128936"},"modified":"2020-12-12T18:38:41","modified_gmt":"2020-12-12T23:38:41","slug":"mcintyre-queria-luchar-ante-styles-desde-los-16-anos","status":"publish","type":"post","link":"https:\/\/www.prwrestling.com\/nw\/mcintyre-queria-luchar-ante-styles-desde-los-16-anos\/","title":{"rendered":"McIntyre quer\u00eda luchar ante Styles desde los 16 a\u00f1os"},"content":{"rendered":"<p>Mientras fue entrevistado en The Bump, Drew McIntyre dijo que finalmente lograr\u00e1 el duelo de sus sue\u00f1os cuando se enfrente a &#8220;The Phenomenal&#8221; AJ Styles en TLC. <!--more--><div id=\"ad-slot\" style=\"min-width: 300px; min-height: 250px;\">\r\n<p style=\"text-align: center;\">\r\n<script async src=\"https:\/\/pagead2.googlesyndication.com\/pagead\/js\/adsbygoogle.js\"><\/script>\r\n<!-- 300x250 sc a -->\r\n<ins class=\"adsbygoogle\"\r\n     style=\"display:inline-block;width:300px;height:250px\"\r\n     data-ad-client=\"ca-pub-1244235910658811\"\r\n     data-ad-slot=\"8592682546\"><\/ins>\r\n<script>\r\n     (adsbygoogle = window.adsbygoogle || []).push({});\r\n<\/script><\/center>\r\n<\/p><\/div><br \/>\n&#8220;Quer\u00eda esta lucha desde que ten\u00eda 16 a\u00f1os&#8221;, admiti\u00f3. &#8220;\u00c9ramos como barcos que pasaban por la noche, nos segu\u00edamos pasando por los lados. Intentamos hacer el encuentro en ese entonces en otras promociones independientes, pero nunca sucedi\u00f3. Cuando yo estaba en NXT, \u00e9l estaba en SmackDown. Me mud\u00e9 a Raw, y finalmente pas\u00f3 a la misma marca,\u201d dijo.<\/p>\n<p>&#8220;Luego, el encuentro est\u00e1 a punto de suceder, y se va a SmackDown. Siento como, &#8216;Oh, AJ me est\u00e1 esquivando; este choque nunca va a suceder&#8217;. Luego regresa a Raw y trae consigo a un guardaespaldas de dos metros y medio de altura. Estaba un poco preocupado. No me importa si est\u00e1 en TLC. Quiz\u00e1s, le da la ventaja. No me importa si las probabilidades est\u00e1n en mi contra; siempre encuentro una manera de superar. \u00a1Pero este encuentro va a ser fenomenal!,&#8221; dijo.<br \/>\n<div id=\"ad-slot\" style=\"min-width: 300px; min-height: 250px;\"><p style=\"text-align: center;\">\r\n<script async src=\"https:\/\/pagead2.googlesyndication.com\/pagead\/js\/adsbygoogle.js\"><\/script>\r\n<!-- Responsive sc c -->\r\n<ins class=\"adsbygoogle\"\r\n     style=\"display:block\"\r\n     data-ad-client=\"ca-pub-1244235910658811\"\r\n     data-ad-slot=\"4234005358\"\r\n     data-ad-format=\"auto\"\r\n     data-full-width-responsive=\"true\"><\/ins>\r\n<script>\r\n     (adsbygoogle = window.adsbygoogle || []).push({});\r\n<\/script><\/p><\/div><\/p>\n<h2>Reci\u00e9n sufri\u00f3 su ca\u00edda m\u00e1s dolorosa<\/h2>\n<p>McIntyre confes\u00f3 que reci\u00e9n experiment\u00f3 uno de sus momentos m\u00e1s dolorosos en Hell In A Cell en octubre pasado cuando McIntyre fue lanzado desde la jaula por Orton.<\/p>\n<p>&#8220;Realmente, realmente, realmente fue malo. Fue f\u00e1cilmente la peor ca\u00edda de toda mi carrera&#8221;, se\u00f1al\u00f3. &#8220;Por alguna raz\u00f3n, pens\u00e9 que la mesa iba a frenar mi ca\u00edda, pero no fue as\u00ed,&#8221; dijo.<\/p>\n","protected":false},"excerpt":{"rendered":"<p>Mientras fue entrevistado en The Bump, Drew McIntyre dijo que finalmente lograr\u00e1 el duelo de sus sue\u00f1os cuando se enfrente a &#8220;The Phenomenal&#8221; AJ Styles en TLC.<\/p>\n","protected":false},"author":1,"featured_media":128937,"comment_status":"open","ping_status":"closed","sticky":false,"template":"","format":"standard","meta":{"footnotes":""},"categories":[5,38],"tags":[4040,9],"class_list":{"0":"post-128936","1":"post","2":"type-post","3":"status-publish","4":"format-standard","5":"has-post-thumbnail","7":"category-noticias","8":"category-noticias-y-rumores-de-la-wwe","9":"tag-drew-mcintyre","10":"tag-wwe"},"_links":{"self":[{"href":"https:\/\/www.prwrestling.com\/nw\/wp-json\/wp\/v2\/posts\/128936","targetHints":{"allow":["GET"]}}],"collection":[{"href":"https:\/\/www.prwrestling.com\/nw\/wp-json\/wp\/v2\/posts"}],"about":[{"href":"https:\/\/www.prwrestling.com\/nw\/wp-json\/wp\/v2\/types\/post"}],"author":[{"embeddable":true,"href":"https:\/\/www.prwrestling.com\/nw\/wp-json\/wp\/v2\/users\/1"}],"replies":[{"embeddable":true,"href":"https:\/\/www.prwrestling.com\/nw\/wp-json\/wp\/v2\/comments?post=128936"}],"version-history":[{"count":1,"href":"https:\/\/www.prwrestling.com\/nw\/wp-json\/wp\/v2\/posts\/128936\/revisions"}],"predecessor-version":[{"id":128938,"href":"https:\/\/www.prwrestling.com\/nw\/wp-json\/wp\/v2\/posts\/128936\/revisions\/128938"}],"wp:featuredmedia":[{"embeddable":true,"href":"https:\/\/www.prwrestling.com\/nw\/wp-json\/wp\/v2\/media\/128937"}],"wp:attachment":[{"href":"https:\/\/www.prwrestling.com\/nw\/wp-json\/wp\/v2\/media?parent=128936"}],"wp:term":[{"taxonomy":"category","embeddable":true,"href":"https:\/\/www.prwrestling.com\/nw\/wp-json\/wp\/v2\/categories?post=128936"},{"taxonomy":"post_tag","embeddable":true,"href":"https:\/\/www.prwrestling.com\/nw\/wp-json\/wp\/v2\/tags?post=128936"}],"curies":[{"name":"wp","href":"https:\/\/api.w.org\/{rel}","templated":true}]}}