{"id":128953,"date":"2020-12-13T10:19:04","date_gmt":"2020-12-13T15:19:04","guid":{"rendered":"https:\/\/www.prwrestling.com\/nw\/?p=128953"},"modified":"2020-12-13T10:19:04","modified_gmt":"2020-12-13T15:19:04","slug":"darren-young-dice-aew-lo-ha-rechazado-dos-veces","status":"publish","type":"post","link":"https:\/\/www.prwrestling.com\/nw\/darren-young-dice-aew-lo-ha-rechazado-dos-veces\/","title":{"rendered":"Darren Young dice AEW lo ha rechazado dos veces"},"content":{"rendered":"<p>Los fan\u00e1ticos le preguntaron recientemente en las redes sociales a la ex superestrella de la WWE, Darren Young (Fred Rosser), por qu\u00e9 no est\u00e1 en All Elite Wrestling.<!--more--><div id=\"ad-slot\" style=\"min-width: 300px; min-height: 250px;\">\r\n<p style=\"text-align: center;\">\r\n<script async src=\"https:\/\/pagead2.googlesyndication.com\/pagead\/js\/adsbygoogle.js\"><\/script>\r\n<!-- 300x250 sc a -->\r\n<ins class=\"adsbygoogle\"\r\n     style=\"display:inline-block;width:300px;height:250px\"\r\n     data-ad-client=\"ca-pub-1244235910658811\"\r\n     data-ad-slot=\"8592682546\"><\/ins>\r\n<script>\r\n     (adsbygoogle = window.adsbygoogle || []).push({});\r\n<\/script><\/center>\r\n<\/p><\/div><br \/>\nYoung decidi\u00f3 responder y revel\u00f3 que, de hecho, hab\u00eda intentado comunicarse con AEW con respecto a un posible contrato.<\/p>\n<p>\u201cMe preguntan mucho por qu\u00e9 no @AEW? Bueno, lo intent\u00e9 y me dijeron NO &#8230; NO 1, SINO 2 VECES pero &#8230; AEW no era mi objetivo final, siempre ha sido NJPW @ njpw1972\u201d<\/p>\n<p>\u201cPase lo que pase, no se abrumen nunca y decidan tirar la toalla. \u00a1Todav\u00eda tengo mucho trabajo por hacer! #blockthehate,\u201d expres\u00f3.<br \/>\n<div id=\"ad-slot\" style=\"min-width: 300px; min-height: 250px;\"><p style=\"text-align: center;\">\r\n<script async src=\"https:\/\/pagead2.googlesyndication.com\/pagead\/js\/adsbygoogle.js\"><\/script>\r\n<!-- Responsive sc c -->\r\n<ins class=\"adsbygoogle\"\r\n     style=\"display:block\"\r\n     data-ad-client=\"ca-pub-1244235910658811\"\r\n     data-ad-slot=\"4234005358\"\r\n     data-ad-format=\"auto\"\r\n     data-full-width-responsive=\"true\"><\/ins>\r\n<script>\r\n     (adsbygoogle = window.adsbygoogle || []).push({});\r\n<\/script><\/p><\/div><br \/>\nYoung hab\u00eda anunciado en agosto de este a\u00f1o que firm\u00f3 un acuerdo con NJPW. Hizo su debut como parte de los programas STRONG de NJPW a principios de a\u00f1o e impresion\u00f3 a muchos tras demostrar que puede luchar al nivel de la empresa japonesa, algo de lo que no tuvo mucha oportunidad de desplegar en la WWE.<\/p>\n<blockquote class=\"twitter-tweet\">\n<p dir=\"ltr\" lang=\"en\">I get asked a lot why not <a href=\"https:\/\/twitter.com\/AEW?ref_src=twsrc%5Etfw\" target=\"_blank\" rel=\"noopener\">@AEW<\/a>? Well, I tried and I was told NOPE&#8230;NOT &#x261d;&#x1f3fc; but &#x270c;&#x1f3fc;&#8230;besides AEW wasn\u2019t my end goal it\u2019s always been NJPW <a href=\"https:\/\/twitter.com\/njpw1972?ref_src=twsrc%5Etfw\" target=\"_blank\" rel=\"noopener\">@njpw1972<\/a> &#x1f64f;&#x1f3fc; No matter what, don\u2019t ever get overwhelmed and decide to throw in the towel. I\u2019ve still got a lot of work to do! <a href=\"https:\/\/twitter.com\/hashtag\/blockthehate?src=hash&amp;ref_src=twsrc%5Etfw\" target=\"_blank\" rel=\"noopener\">#blockthehate<\/a> <a href=\"https:\/\/t.co\/IiT6IDK7K5\">pic.twitter.com\/IiT6IDK7K5<\/a><\/p>\n<p>\u2014 nodaysoff FRED ROSSER III (@realfredrosser) <a href=\"https:\/\/twitter.com\/realfredrosser\/status\/1337815273038958592?ref_src=twsrc%5Etfw\" target=\"_blank\" rel=\"noopener\">December 12, 2020<\/a><\/p><\/blockquote>\n<p><script async src=\"https:\/\/platform.twitter.com\/widgets.js\" charset=\"utf-8\"><\/script><\/p>\n","protected":false},"excerpt":{"rendered":"<p>Los fan\u00e1ticos le preguntaron recientemente en las redes sociales a la ex superestrella de la WWE, Darren Young (Fred Rosser), por qu\u00e9 no est\u00e1 en All Elite Wrestling.<\/p>\n","protected":false},"author":1,"featured_media":128954,"comment_status":"open","ping_status":"closed","sticky":false,"template":"","format":"standard","meta":{"footnotes":""},"categories":[5],"tags":[4903],"class_list":{"0":"post-128953","1":"post","2":"type-post","3":"status-publish","4":"format-standard","5":"has-post-thumbnail","7":"category-noticias","8":"tag-wwe-darren-young"},"_links":{"self":[{"href":"https:\/\/www.prwrestling.com\/nw\/wp-json\/wp\/v2\/posts\/128953","targetHints":{"allow":["GET"]}}],"collection":[{"href":"https:\/\/www.prwrestling.com\/nw\/wp-json\/wp\/v2\/posts"}],"about":[{"href":"https:\/\/www.prwrestling.com\/nw\/wp-json\/wp\/v2\/types\/post"}],"author":[{"embeddable":true,"href":"https:\/\/www.prwrestling.com\/nw\/wp-json\/wp\/v2\/users\/1"}],"replies":[{"embeddable":true,"href":"https:\/\/www.prwrestling.com\/nw\/wp-json\/wp\/v2\/comments?post=128953"}],"version-history":[{"count":0,"href":"https:\/\/www.prwrestling.com\/nw\/wp-json\/wp\/v2\/posts\/128953\/revisions"}],"wp:featuredmedia":[{"embeddable":true,"href":"https:\/\/www.prwrestling.com\/nw\/wp-json\/wp\/v2\/media\/128954"}],"wp:attachment":[{"href":"https:\/\/www.prwrestling.com\/nw\/wp-json\/wp\/v2\/media?parent=128953"}],"wp:term":[{"taxonomy":"category","embeddable":true,"href":"https:\/\/www.prwrestling.com\/nw\/wp-json\/wp\/v2\/categories?post=128953"},{"taxonomy":"post_tag","embeddable":true,"href":"https:\/\/www.prwrestling.com\/nw\/wp-json\/wp\/v2\/tags?post=128953"}],"curies":[{"name":"wp","href":"https:\/\/api.w.org\/{rel}","templated":true}]}}