{"id":128959,"date":"2020-12-14T00:21:43","date_gmt":"2020-12-14T05:21:43","guid":{"rendered":"https:\/\/www.prwrestling.com\/nw\/?p=128959"},"modified":"2020-12-14T00:21:43","modified_gmt":"2020-12-14T05:21:43","slug":"luchas-y-segmentos-anunciados-para-wwe-raw","status":"publish","type":"post","link":"https:\/\/www.prwrestling.com\/nw\/luchas-y-segmentos-anunciados-para-wwe-raw\/","title":{"rendered":"Luchas y segmentos anunciados para WWE Raw"},"content":{"rendered":"<p>WWE ha anunciado un segmento de &#8220;Nightmare before TLC&#8221; con AJ Styles, The Miz y John Morrison para el episodio de RAW, adem\u00e1s de otros combates para el programa antes del evento TLC de este domingo.<!--more--><div id=\"ad-slot\" style=\"min-width: 300px; min-height: 250px;\">\r\n<p style=\"text-align: center;\">\r\n<script async src=\"https:\/\/pagead2.googlesyndication.com\/pagead\/js\/adsbygoogle.js\"><\/script>\r\n<!-- 300x250 sc a -->\r\n<ins class=\"adsbygoogle\"\r\n     style=\"display:inline-block;width:300px;height:250px\"\r\n     data-ad-client=\"ca-pub-1244235910658811\"\r\n     data-ad-slot=\"8592682546\"><\/ins>\r\n<script>\r\n     (adsbygoogle = window.adsbygoogle || []).push({});\r\n<\/script><\/center>\r\n<\/p><\/div><br \/>\nStyles tambi\u00e9n se enfrentar\u00e1 a Sheamus en RAW antes de desafiar a Drew McIntyre por el Campeonato de la WWE en TLC.<\/p>\n<p>Adem\u00e1s, Lana se enfrentar\u00e1 a Nia Jax solo seis d\u00edas antes de unirse a la Campeona Femenina de RAW Asuka para enfrentarse a Jax y Shayna Baszler por los campeonatos en parejas de Mujeres de la WWE.<\/p>\n<p>WWE tambi\u00e9n ha confirmado una lucha de seis hombres que enfrentar\u00e1 a The New Day y Jeff Hardy contra The Hurt Business.<\/p>\n<p>Bray Wyatt llevar\u00e1 sus t\u00edteres del Firefly Fun House al WWE ThunderDome, ahora en Tropicana Field, en un recorrido por la nueva arena de la WWE.<\/p>\n<blockquote class=\"twitter-tweet\">\n<p dir=\"ltr\" lang=\"en\">It goes down tomorrow night on <a href=\"https:\/\/twitter.com\/hashtag\/WWERaw?src=hash&amp;ref_src=twsrc%5Etfw\" target=\"_blank\" rel=\"noopener\">#WWERaw<\/a>!<\/p>\n<p>&#x1f534; <a href=\"https:\/\/twitter.com\/AJStylesOrg?ref_src=twsrc%5Etfw\" target=\"_blank\" rel=\"noopener\">@AJStylesOrg<\/a> brings <a href=\"https:\/\/twitter.com\/hashtag\/TheNightmareBeforeTLC?src=hash&amp;ref_src=twsrc%5Etfw\" target=\"_blank\" rel=\"noopener\">#TheNightmareBeforeTLC<\/a><br \/>\n&#x1f534; <a href=\"https:\/\/twitter.com\/WWEBrayWyatt?ref_src=twsrc%5Etfw\" target=\"_blank\" rel=\"noopener\">@WWEBrayWyatt<\/a> takes a field trip to the <a href=\"https:\/\/twitter.com\/hashtag\/ThunderDome?src=hash&amp;ref_src=twsrc%5Etfw\" target=\"_blank\" rel=\"noopener\">#ThunderDome<\/a><br \/>\n&#x1f534; Styles vs. <a href=\"https:\/\/twitter.com\/WWESheamus?ref_src=twsrc%5Etfw\" target=\"_blank\" rel=\"noopener\">@WWESheamus<\/a><br \/>\n&#x1f534; <a href=\"https:\/\/twitter.com\/LanaWWE?ref_src=twsrc%5Etfw\" target=\"_blank\" rel=\"noopener\">@LanaWWE<\/a> vs. <a href=\"https:\/\/twitter.com\/NiaJaxWWE?ref_src=twsrc%5Etfw\" target=\"_blank\" rel=\"noopener\">@NiaJaxWWE<\/a><br \/>\n&#x1f534; <a href=\"https:\/\/twitter.com\/hashtag\/NewDay?src=hash&amp;ref_src=twsrc%5Etfw\" target=\"_blank\" rel=\"noopener\">#NewDay<\/a> &amp; <a href=\"https:\/\/twitter.com\/JEFFHARDYBRAND?ref_src=twsrc%5Etfw\" target=\"_blank\" rel=\"noopener\">@JEFFHARDYBRAND<\/a> vs. <a href=\"https:\/\/twitter.com\/hashtag\/TheHurtBusiness?src=hash&amp;ref_src=twsrc%5Etfw\" target=\"_blank\" rel=\"noopener\">#TheHurtBusiness<\/a><a href=\"https:\/\/t.co\/rYXhi1iy38\">https:\/\/t.co\/rYXhi1iy38<\/a><\/p>\n<p>\u2014 WWE (@WWE) <a href=\"https:\/\/twitter.com\/WWE\/status\/1338250532608233476?ref_src=twsrc%5Etfw\" target=\"_blank\" rel=\"noopener\">December 13, 2020<\/a><\/p><\/blockquote>\n<p><script async src=\"https:\/\/platform.twitter.com\/widgets.js\" charset=\"utf-8\"><\/script><\/p>\n","protected":false},"excerpt":{"rendered":"<p>WWE ha anunciado un segmento de &#8220;Nightmare before TLC&#8221; con AJ Styles, The Miz y John Morrison para el episodio de RAW, adem\u00e1s de otros combates para el programa antes del evento TLC de este domingo.<\/p>\n","protected":false},"author":1,"featured_media":123497,"comment_status":"open","ping_status":"closed","sticky":false,"template":"","format":"standard","meta":{"footnotes":""},"categories":[5,38],"tags":[9],"class_list":{"0":"post-128959","1":"post","2":"type-post","3":"status-publish","4":"format-standard","5":"has-post-thumbnail","7":"category-noticias","8":"category-noticias-y-rumores-de-la-wwe","9":"tag-wwe"},"_links":{"self":[{"href":"https:\/\/www.prwrestling.com\/nw\/wp-json\/wp\/v2\/posts\/128959","targetHints":{"allow":["GET"]}}],"collection":[{"href":"https:\/\/www.prwrestling.com\/nw\/wp-json\/wp\/v2\/posts"}],"about":[{"href":"https:\/\/www.prwrestling.com\/nw\/wp-json\/wp\/v2\/types\/post"}],"author":[{"embeddable":true,"href":"https:\/\/www.prwrestling.com\/nw\/wp-json\/wp\/v2\/users\/1"}],"replies":[{"embeddable":true,"href":"https:\/\/www.prwrestling.com\/nw\/wp-json\/wp\/v2\/comments?post=128959"}],"version-history":[{"count":1,"href":"https:\/\/www.prwrestling.com\/nw\/wp-json\/wp\/v2\/posts\/128959\/revisions"}],"predecessor-version":[{"id":128960,"href":"https:\/\/www.prwrestling.com\/nw\/wp-json\/wp\/v2\/posts\/128959\/revisions\/128960"}],"wp:featuredmedia":[{"embeddable":true,"href":"https:\/\/www.prwrestling.com\/nw\/wp-json\/wp\/v2\/media\/123497"}],"wp:attachment":[{"href":"https:\/\/www.prwrestling.com\/nw\/wp-json\/wp\/v2\/media?parent=128959"}],"wp:term":[{"taxonomy":"category","embeddable":true,"href":"https:\/\/www.prwrestling.com\/nw\/wp-json\/wp\/v2\/categories?post=128959"},{"taxonomy":"post_tag","embeddable":true,"href":"https:\/\/www.prwrestling.com\/nw\/wp-json\/wp\/v2\/tags?post=128959"}],"curies":[{"name":"wp","href":"https:\/\/api.w.org\/{rel}","templated":true}]}}