{"id":128989,"date":"2020-12-15T10:45:21","date_gmt":"2020-12-15T15:45:21","guid":{"rendered":"https:\/\/www.prwrestling.com\/nw\/?p=128989"},"modified":"2020-12-15T10:45:21","modified_gmt":"2020-12-15T15:45:21","slug":"low-ki-dice-personas-en-wwe-le-tenian-miedo","status":"publish","type":"post","link":"https:\/\/www.prwrestling.com\/nw\/low-ki-dice-personas-en-wwe-le-tenian-miedo\/","title":{"rendered":"Low Ki dice personas en WWE le ten\u00edan miedo"},"content":{"rendered":"<p>Low Ki tuvo una corrida en la WWE como Kaval, cual no fue lo que algunos esperaban. <!--more--><div id=\"ad-slot\" style=\"min-width: 300px; min-height: 250px;\">\r\n<p style=\"text-align: center;\">\r\n<script async src=\"https:\/\/pagead2.googlesyndication.com\/pagead\/js\/adsbygoogle.js\"><\/script>\r\n<!-- 300x250 sc a -->\r\n<ins class=\"adsbygoogle\"\r\n     style=\"display:inline-block;width:300px;height:250px\"\r\n     data-ad-client=\"ca-pub-1244235910658811\"\r\n     data-ad-slot=\"8592682546\"><\/ins>\r\n<script>\r\n     (adsbygoogle = window.adsbygoogle || []).push({});\r\n<\/script><\/center>\r\n<\/p><\/div><br \/>\nMientras mira hacia atr\u00e1s a ese periodo, el luchador dijo que personas en la WWE le ten\u00eda miedo, seg\u00fan le coment\u00f3 a <a href=\"http:\/\/wrestlinginc.com\" target=\"_blank\" rel=\"noopener\">Wrestling Inc.<\/a><\/p>\n<p>&#8220;Ten\u00edan miedo. \u00bfPor qu\u00e9? Porque no me crearon. \u00bfPor qu\u00e9? Porque estoy arreglado a la antigua. Gan\u00e9 mi experiencia. Hab\u00eda estado en todas partes, y adem\u00e1s de eso, me desempe\u00f1o a un nivel m\u00e1s alto de lo que esos muchachos creen.&#8221;<\/p>\n<p>&#8220;Entonces, \u00bfpor qu\u00e9 voy a sentarme all\u00ed y entrar? Voy a prestar atenci\u00f3n a los comportamientos de las personas que se supone que est\u00e1n a cargo, y se supone que debo sentarme all\u00ed y escucharlos y ver c\u00f3mo tratan a otras personas &#8220;.<br \/>\n<div id=\"ad-slot\" style=\"min-width: 300px; min-height: 250px;\"><p style=\"text-align: center;\">\r\n<script async src=\"https:\/\/pagead2.googlesyndication.com\/pagead\/js\/adsbygoogle.js\"><\/script>\r\n<!-- Responsive sc c -->\r\n<ins class=\"adsbygoogle\"\r\n     style=\"display:block\"\r\n     data-ad-client=\"ca-pub-1244235910658811\"\r\n     data-ad-slot=\"4234005358\"\r\n     data-ad-format=\"auto\"\r\n     data-full-width-responsive=\"true\"><\/ins>\r\n<script>\r\n     (adsbygoogle = window.adsbygoogle || []).push({});\r\n<\/script><\/p><\/div><br \/>\n&#8220;\u00bfSe supone que debo sentarme all\u00ed y dejar que me hagan lo mismo? F\u00edjense, yo no se\u00f1alo a nadie ni lo condeno. O incluso diez a\u00f1os despu\u00e9s, no hablo de nadie y digo que hicieron esto y lo otro. Tengo muchas de esas historias, pero no las he contado. \u00bfPor qu\u00e9? Porque no lo necesito,&#8221; dijo.<\/p>\n","protected":false},"excerpt":{"rendered":"<p>Low Ki tuvo una corrida en la WWE como Kaval, cual no fue lo que algunos esperaban.<\/p>\n","protected":false},"author":1,"featured_media":128990,"comment_status":"open","ping_status":"closed","sticky":false,"template":"","format":"standard","meta":{"footnotes":""},"categories":[5,38],"tags":[6202],"class_list":{"0":"post-128989","1":"post","2":"type-post","3":"status-publish","4":"format-standard","5":"has-post-thumbnail","7":"category-noticias","8":"category-noticias-y-rumores-de-la-wwe","9":"tag-low-ki"},"_links":{"self":[{"href":"https:\/\/www.prwrestling.com\/nw\/wp-json\/wp\/v2\/posts\/128989","targetHints":{"allow":["GET"]}}],"collection":[{"href":"https:\/\/www.prwrestling.com\/nw\/wp-json\/wp\/v2\/posts"}],"about":[{"href":"https:\/\/www.prwrestling.com\/nw\/wp-json\/wp\/v2\/types\/post"}],"author":[{"embeddable":true,"href":"https:\/\/www.prwrestling.com\/nw\/wp-json\/wp\/v2\/users\/1"}],"replies":[{"embeddable":true,"href":"https:\/\/www.prwrestling.com\/nw\/wp-json\/wp\/v2\/comments?post=128989"}],"version-history":[{"count":0,"href":"https:\/\/www.prwrestling.com\/nw\/wp-json\/wp\/v2\/posts\/128989\/revisions"}],"wp:featuredmedia":[{"embeddable":true,"href":"https:\/\/www.prwrestling.com\/nw\/wp-json\/wp\/v2\/media\/128990"}],"wp:attachment":[{"href":"https:\/\/www.prwrestling.com\/nw\/wp-json\/wp\/v2\/media?parent=128989"}],"wp:term":[{"taxonomy":"category","embeddable":true,"href":"https:\/\/www.prwrestling.com\/nw\/wp-json\/wp\/v2\/categories?post=128989"},{"taxonomy":"post_tag","embeddable":true,"href":"https:\/\/www.prwrestling.com\/nw\/wp-json\/wp\/v2\/tags?post=128989"}],"curies":[{"name":"wp","href":"https:\/\/api.w.org\/{rel}","templated":true}]}}