{"id":129031,"date":"2020-12-18T09:12:44","date_gmt":"2020-12-18T14:12:44","guid":{"rendered":"https:\/\/www.prwrestling.com\/nw\/?p=129031"},"modified":"2020-12-18T09:12:44","modified_gmt":"2020-12-18T14:12:44","slug":"noticias-sobre-la-ausencia-de-lars-sullivan-en-smackdown","status":"publish","type":"post","link":"https:\/\/www.prwrestling.com\/nw\/noticias-sobre-la-ausencia-de-lars-sullivan-en-smackdown\/","title":{"rendered":"Noticias sobre la ausencia de Lars Sullivan en Smackdown"},"content":{"rendered":"<p>Despu\u00e9s de ser reclutado para Friday Night SmackDown en octubre, Lars Sullivan tuvo dos victorias sobre Jeff Hardy y Chad Gable, seguidas de dos entrevistas con Corey Graves en las semanas siguientes. <!--more--><div id=\"ad-slot\" style=\"min-width: 300px; min-height: 250px;\">\r\n<p style=\"text-align: center;\">\r\n<script async src=\"https:\/\/pagead2.googlesyndication.com\/pagead\/js\/adsbygoogle.js\"><\/script>\r\n<!-- 300x250 sc a -->\r\n<ins class=\"adsbygoogle\"\r\n     style=\"display:inline-block;width:300px;height:250px\"\r\n     data-ad-client=\"ca-pub-1244235910658811\"\r\n     data-ad-slot=\"8592682546\"><\/ins>\r\n<script>\r\n     (adsbygoogle = window.adsbygoogle || []).push({});\r\n<\/script><\/center>\r\n<\/p><\/div><br \/>\nSin embargo, desde el episodio del 6 de noviembre de SmackDown, Sullivan ha desaparecido de la programaci\u00f3n de la WWE.<\/p>\n<p>Dave Meltzer en el Wrestling Observer Newsletter se\u00f1al\u00f3 que dado que la estrella principal de los viernes por la noche, Roman Reigns, es un rudo, la WWE no quiere &#8220;otro rudo dominante&#8221; que tengan que m\u00e1s adelante vencer en la misma marca.<br \/>\n<div id=\"ad-slot\" style=\"min-width: 300px; min-height: 250px;\"><p style=\"text-align: center;\">\r\n<script async src=\"https:\/\/pagead2.googlesyndication.com\/pagead\/js\/adsbygoogle.js\"><\/script>\r\n<!-- Responsive sc c -->\r\n<ins class=\"adsbygoogle\"\r\n     style=\"display:block\"\r\n     data-ad-client=\"ca-pub-1244235910658811\"\r\n     data-ad-slot=\"4234005358\"\r\n     data-ad-format=\"auto\"\r\n     data-full-width-responsive=\"true\"><\/ins>\r\n<script>\r\n     (adsbygoogle = window.adsbygoogle || []).push({});\r\n<\/script><\/p><\/div><br \/>\nDado que WWE tiene la intenci\u00f3n de proteger a Sullivan como un monstruo imparable, se vuelve un desaf\u00edo para ellos tener dos rudos de perfil alto en la misma marca, inform\u00f3 Meltzer.<\/p>\n<p>Meltzer tambi\u00e9n hizo menci\u00f3n de que Sullivan no est\u00e1 incluido en la lista de los luchadores \u201cgrandes\u201d, como Keith Lee, Otis, Dabba-Kato, Dio Maddin y Omos, quienes se encuentran en sesiones de entrenamiento semanales en el WWE Performance Center.<\/p>\n","protected":false},"excerpt":{"rendered":"<p>Despu\u00e9s de ser reclutado para Friday Night SmackDown en octubre, Lars Sullivan tuvo dos victorias sobre Jeff Hardy y Chad Gable, seguidas de dos entrevistas con Corey Graves en las semanas siguientes.<\/p>\n","protected":false},"author":1,"featured_media":112590,"comment_status":"open","ping_status":"closed","sticky":false,"template":"","format":"standard","meta":{"footnotes":""},"categories":[5,38],"tags":[1362,9],"class_list":{"0":"post-129031","1":"post","2":"type-post","3":"status-publish","4":"format-standard","5":"has-post-thumbnail","7":"category-noticias","8":"category-noticias-y-rumores-de-la-wwe","9":"tag-lars-sullivan","10":"tag-wwe"},"_links":{"self":[{"href":"https:\/\/www.prwrestling.com\/nw\/wp-json\/wp\/v2\/posts\/129031","targetHints":{"allow":["GET"]}}],"collection":[{"href":"https:\/\/www.prwrestling.com\/nw\/wp-json\/wp\/v2\/posts"}],"about":[{"href":"https:\/\/www.prwrestling.com\/nw\/wp-json\/wp\/v2\/types\/post"}],"author":[{"embeddable":true,"href":"https:\/\/www.prwrestling.com\/nw\/wp-json\/wp\/v2\/users\/1"}],"replies":[{"embeddable":true,"href":"https:\/\/www.prwrestling.com\/nw\/wp-json\/wp\/v2\/comments?post=129031"}],"version-history":[{"count":1,"href":"https:\/\/www.prwrestling.com\/nw\/wp-json\/wp\/v2\/posts\/129031\/revisions"}],"predecessor-version":[{"id":129032,"href":"https:\/\/www.prwrestling.com\/nw\/wp-json\/wp\/v2\/posts\/129031\/revisions\/129032"}],"wp:featuredmedia":[{"embeddable":true,"href":"https:\/\/www.prwrestling.com\/nw\/wp-json\/wp\/v2\/media\/112590"}],"wp:attachment":[{"href":"https:\/\/www.prwrestling.com\/nw\/wp-json\/wp\/v2\/media?parent=129031"}],"wp:term":[{"taxonomy":"category","embeddable":true,"href":"https:\/\/www.prwrestling.com\/nw\/wp-json\/wp\/v2\/categories?post=129031"},{"taxonomy":"post_tag","embeddable":true,"href":"https:\/\/www.prwrestling.com\/nw\/wp-json\/wp\/v2\/tags?post=129031"}],"curies":[{"name":"wp","href":"https:\/\/api.w.org\/{rel}","templated":true}]}}