{"id":129038,"date":"2020-12-18T19:25:39","date_gmt":"2020-12-19T00:25:39","guid":{"rendered":"https:\/\/www.prwrestling.com\/nw\/?p=129038"},"modified":"2020-12-18T19:25:39","modified_gmt":"2020-12-19T00:25:39","slug":"reporte-usa-network-quiere-que-wwe-ajuste-contenido-a-uno-mas-oscuro","status":"publish","type":"post","link":"https:\/\/www.prwrestling.com\/nw\/reporte-usa-network-quiere-que-wwe-ajuste-contenido-a-uno-mas-oscuro\/","title":{"rendered":"Reporte: USA Network quiere que WWE ajuste contenido a uno m\u00e1s &#8220;oscuro&#8221;"},"content":{"rendered":"<p>WWE RAW tuvo un r\u00e9cord en baja de audiencia esta semana para las tres horas del programa, y parece que eso no pasar\u00e1 por alto.<!--more--><div id=\"ad-slot\" style=\"min-width: 300px; min-height: 250px;\">\r\n<p style=\"text-align: center;\">\r\n<script async src=\"https:\/\/pagead2.googlesyndication.com\/pagead\/js\/adsbygoogle.js\"><\/script>\r\n<!-- 300x250 sc a -->\r\n<ins class=\"adsbygoogle\"\r\n     style=\"display:inline-block;width:300px;height:250px\"\r\n     data-ad-client=\"ca-pub-1244235910658811\"\r\n     data-ad-slot=\"8592682546\"><\/ins>\r\n<script>\r\n     (adsbygoogle = window.adsbygoogle || []).push({});\r\n<\/script><\/center>\r\n<\/p><\/div><br \/>\nAlex McCarthy de TalkSport informa que ejecutivos de USA Network est\u00e1n \u201cfuriosos\u201d por las bajas en los ratings que obtuvo RAW esta semana. El reporte indica que la cadena est\u00e1 buscando que la empresa de Vince McMahon gire su contenido a uno m\u00e1s &#8220;oscuro&#8221;.<\/p>\n<p>El reporte dice que el enfoque que quiere USA no es \u201csexy\u201d, sino m\u00e1s hacia el lado violento.<\/p>\n<p>Tambi\u00e9n se se\u00f1al\u00f3 c\u00f3mo la compa\u00f1\u00eda cuenta con un &#8220;reinicio&#8221; una vez que llegue la temporada del Royal Rumble 2021.<\/p>\n","protected":false},"excerpt":{"rendered":"<p>WWE RAW tuvo un r\u00e9cord en baja de audiencia esta semana para las tres horas del programa, y parece que eso no pasar\u00e1 por alto.<\/p>\n","protected":false},"author":1,"featured_media":125283,"comment_status":"open","ping_status":"closed","sticky":false,"template":"","format":"standard","meta":{"footnotes":""},"categories":[5,38],"tags":[],"class_list":{"0":"post-129038","1":"post","2":"type-post","3":"status-publish","4":"format-standard","5":"has-post-thumbnail","7":"category-noticias","8":"category-noticias-y-rumores-de-la-wwe"},"_links":{"self":[{"href":"https:\/\/www.prwrestling.com\/nw\/wp-json\/wp\/v2\/posts\/129038","targetHints":{"allow":["GET"]}}],"collection":[{"href":"https:\/\/www.prwrestling.com\/nw\/wp-json\/wp\/v2\/posts"}],"about":[{"href":"https:\/\/www.prwrestling.com\/nw\/wp-json\/wp\/v2\/types\/post"}],"author":[{"embeddable":true,"href":"https:\/\/www.prwrestling.com\/nw\/wp-json\/wp\/v2\/users\/1"}],"replies":[{"embeddable":true,"href":"https:\/\/www.prwrestling.com\/nw\/wp-json\/wp\/v2\/comments?post=129038"}],"version-history":[{"count":0,"href":"https:\/\/www.prwrestling.com\/nw\/wp-json\/wp\/v2\/posts\/129038\/revisions"}],"wp:featuredmedia":[{"embeddable":true,"href":"https:\/\/www.prwrestling.com\/nw\/wp-json\/wp\/v2\/media\/125283"}],"wp:attachment":[{"href":"https:\/\/www.prwrestling.com\/nw\/wp-json\/wp\/v2\/media?parent=129038"}],"wp:term":[{"taxonomy":"category","embeddable":true,"href":"https:\/\/www.prwrestling.com\/nw\/wp-json\/wp\/v2\/categories?post=129038"},{"taxonomy":"post_tag","embeddable":true,"href":"https:\/\/www.prwrestling.com\/nw\/wp-json\/wp\/v2\/tags?post=129038"}],"curies":[{"name":"wp","href":"https:\/\/api.w.org\/{rel}","templated":true}]}}