{"id":129056,"date":"2020-12-20T11:18:43","date_gmt":"2020-12-20T16:18:43","guid":{"rendered":"https:\/\/www.prwrestling.com\/nw\/?p=129056"},"modified":"2020-12-20T11:18:43","modified_gmt":"2020-12-20T16:18:43","slug":"hablan-sobre-la-reaccion-de-vince-mcmahon-tras-madusa-botar-su-titulo-a-un-zafacon","status":"publish","type":"post","link":"https:\/\/www.prwrestling.com\/nw\/hablan-sobre-la-reaccion-de-vince-mcmahon-tras-madusa-botar-su-titulo-a-un-zafacon\/","title":{"rendered":"Hablan sobre la reacci\u00f3n de Vince McMahon tras Madusa botar su t\u00edtulo a un zafac\u00f3n"},"content":{"rendered":"<p>El ejecutivo de WWE Bruce Prichard habl\u00f3 sobre el infame incidente de Madusa (Alundra Blayze) en WCW Nitro durante el \u00faltimo episodio de Something To Wrestle. <!--more--><div id=\"ad-slot\" style=\"min-width: 300px; min-height: 250px;\">\r\n<p style=\"text-align: center;\">\r\n<script async src=\"https:\/\/pagead2.googlesyndication.com\/pagead\/js\/adsbygoogle.js\"><\/script>\r\n<!-- 300x250 sc a -->\r\n<ins class=\"adsbygoogle\"\r\n     style=\"display:inline-block;width:300px;height:250px\"\r\n     data-ad-client=\"ca-pub-1244235910658811\"\r\n     data-ad-slot=\"8592682546\"><\/ins>\r\n<script>\r\n     (adsbygoogle = window.adsbygoogle || []).push({});\r\n<\/script><\/center>\r\n<\/p><\/div><br \/>\nPrichard record\u00f3 cuando Madusa tir\u00f3 el t\u00edtulo femenino de la WWE a la basura y luego comparti\u00f3 cu\u00e1l fue la reacci\u00f3n de Vince McMahon ante el anuncio.<\/p>\n<p>\u201cDefinitivamente fue un golpe. Est\u00e1s mirando y viendo uno de tus cinturones de campeonato en el programa de tu competidor y tu ex campe\u00f3n tir\u00e1ndolo a la basura. S\u00ed, eso fue un golpe. Apestaba. Eso duele, y cuando vuelvas atr\u00e1s y mires momentos monumentales en la historia de las Guerras de los Lunes por la Noche, ser\u00e1 uno de los cinco primeros. No es el n\u00famero uno; creo que el n\u00famero uno es probablemente la primera vez que aparece Razor, aparece Lex y es el turno de Hogan. Pero cuando miras todo eso, este fue un gran movimiento. Este fue un gran movimiento, y fue una bofetada en la cara y fue una patada en las bolas porque no lo vimos venir. Deber\u00edamos haberlo hecho, pero no lo hicimos,&#8221; dijo Prichard sobre ese momento.<br \/>\n<div id=\"ad-slot\" style=\"min-width: 300px; min-height: 250px;\"><p style=\"text-align: center;\">\r\n<script async src=\"https:\/\/pagead2.googlesyndication.com\/pagead\/js\/adsbygoogle.js\"><\/script>\r\n<!-- Responsive sc c -->\r\n<ins class=\"adsbygoogle\"\r\n     style=\"display:block\"\r\n     data-ad-client=\"ca-pub-1244235910658811\"\r\n     data-ad-slot=\"4234005358\"\r\n     data-ad-format=\"auto\"\r\n     data-full-width-responsive=\"true\"><\/ins>\r\n<script>\r\n     (adsbygoogle = window.adsbygoogle || []).push({});\r\n<\/script><\/p><\/div><br \/>\nPrichard tambi\u00e9n habl\u00f3 sobre c\u00f3mo reaccion\u00f3 Vince McMahon:<\/p>\n<p>&#8220;No s\u00e9 c\u00f3mo se enter\u00f3 Vince. Creo que estaba m\u00e1s enojado consigo mismo y solo con el proceso o procedimiento o lo que sea que no se hizo con Madusa sin contrato y sin recuperar todo de ella. Hay tantas cosas que podr\u00edan haberse hecho mejor, y creo que Vince se lo toma todo personalmente y se lo pone a s\u00ed mismo. No importa d\u00f3nde se produjo la aver\u00eda o cu\u00e1l fue la aver\u00eda, estoy seguro de que se lo tom\u00f3 muy personal y dijo: &#8220;Hijo de p#ta. Debimos haberlo manejado mejor&#8217;. Y lo debimos haber manejado mejor,&#8221; dijo.<\/p>\n","protected":false},"excerpt":{"rendered":"<p>El ejecutivo de WWE Bruce Prichard habl\u00f3 sobre el infame incidente de Madusa (Alundra Blayze) en WCW Nitro durante el \u00faltimo episodio de Something To Wrestle.<\/p>\n","protected":false},"author":3,"featured_media":129057,"comment_status":"open","ping_status":"closed","sticky":false,"template":"","format":"standard","meta":{"footnotes":""},"categories":[5,38],"tags":[1359],"class_list":{"0":"post-129056","1":"post","2":"type-post","3":"status-publish","4":"format-standard","5":"has-post-thumbnail","7":"category-noticias","8":"category-noticias-y-rumores-de-la-wwe","9":"tag-vince-mcmahon"},"_links":{"self":[{"href":"https:\/\/www.prwrestling.com\/nw\/wp-json\/wp\/v2\/posts\/129056","targetHints":{"allow":["GET"]}}],"collection":[{"href":"https:\/\/www.prwrestling.com\/nw\/wp-json\/wp\/v2\/posts"}],"about":[{"href":"https:\/\/www.prwrestling.com\/nw\/wp-json\/wp\/v2\/types\/post"}],"author":[{"embeddable":true,"href":"https:\/\/www.prwrestling.com\/nw\/wp-json\/wp\/v2\/users\/3"}],"replies":[{"embeddable":true,"href":"https:\/\/www.prwrestling.com\/nw\/wp-json\/wp\/v2\/comments?post=129056"}],"version-history":[{"count":0,"href":"https:\/\/www.prwrestling.com\/nw\/wp-json\/wp\/v2\/posts\/129056\/revisions"}],"wp:featuredmedia":[{"embeddable":true,"href":"https:\/\/www.prwrestling.com\/nw\/wp-json\/wp\/v2\/media\/129057"}],"wp:attachment":[{"href":"https:\/\/www.prwrestling.com\/nw\/wp-json\/wp\/v2\/media?parent=129056"}],"wp:term":[{"taxonomy":"category","embeddable":true,"href":"https:\/\/www.prwrestling.com\/nw\/wp-json\/wp\/v2\/categories?post=129056"},{"taxonomy":"post_tag","embeddable":true,"href":"https:\/\/www.prwrestling.com\/nw\/wp-json\/wp\/v2\/tags?post=129056"}],"curies":[{"name":"wp","href":"https:\/\/api.w.org\/{rel}","templated":true}]}}