{"id":129081,"date":"2020-12-21T10:34:57","date_gmt":"2020-12-21T15:34:57","guid":{"rendered":"https:\/\/www.prwrestling.com\/nw\/?p=129081"},"modified":"2020-12-21T10:34:57","modified_gmt":"2020-12-21T15:34:57","slug":"wwe-anuncia-reigns-vs-owens-enjaulados-para-smackdown","status":"publish","type":"post","link":"https:\/\/www.prwrestling.com\/nw\/wwe-anuncia-reigns-vs-owens-enjaulados-para-smackdown\/","title":{"rendered":"WWE anuncia Reigns vs Owens enjaulados para Smackdown"},"content":{"rendered":"<p>Se ha anunciado una lucha enjaulados para la edici\u00f3n del d\u00eda de Navidad de SmackDown en FOX.<!--more--><div id=\"ad-slot\" style=\"min-width: 300px; min-height: 250px;\">\r\n<p style=\"text-align: center;\">\r\n<script async src=\"https:\/\/pagead2.googlesyndication.com\/pagead\/js\/adsbygoogle.js\"><\/script>\r\n<!-- 300x250 sc a -->\r\n<ins class=\"adsbygoogle\"\r\n     style=\"display:inline-block;width:300px;height:250px\"\r\n     data-ad-client=\"ca-pub-1244235910658811\"\r\n     data-ad-slot=\"8592682546\"><\/ins>\r\n<script>\r\n     (adsbygoogle = window.adsbygoogle || []).push({});\r\n<\/script><\/center>\r\n<\/p><\/div><br \/>\nWWE acaba de publicar que el Campe\u00f3n Universal de la WWE Roman Reigns defender\u00e1 su t\u00edtulo contra Kevin Owens dentro de la jaula este viernes por la noche.<\/p>\n<p>Este combate se produce despu\u00e9s de que Reigns retuviera su t\u00edtulo sobre Owens en un brutal choque TLC anoche. La pelea cont\u00f3 con la interferencia constante de Jey Uso.<\/p>\n<p>WWE anunci\u00f3 previamente que el Campe\u00f3n Intercontinental de la WWE Sami Zayn defender\u00e1 su t\u00edtulo contra Big E en ese misma edici\u00f3n del d\u00eda de Navidad de SmackDown.<\/p>\n","protected":false},"excerpt":{"rendered":"<p>Se ha anunciado una lucha enjaulados para la edici\u00f3n del d\u00eda de Navidad de SmackDown en FOX.<\/p>\n","protected":false},"author":1,"featured_media":126791,"comment_status":"open","ping_status":"closed","sticky":false,"template":"","format":"standard","meta":{"footnotes":""},"categories":[5,38],"tags":[],"class_list":{"0":"post-129081","1":"post","2":"type-post","3":"status-publish","4":"format-standard","5":"has-post-thumbnail","7":"category-noticias","8":"category-noticias-y-rumores-de-la-wwe"},"_links":{"self":[{"href":"https:\/\/www.prwrestling.com\/nw\/wp-json\/wp\/v2\/posts\/129081","targetHints":{"allow":["GET"]}}],"collection":[{"href":"https:\/\/www.prwrestling.com\/nw\/wp-json\/wp\/v2\/posts"}],"about":[{"href":"https:\/\/www.prwrestling.com\/nw\/wp-json\/wp\/v2\/types\/post"}],"author":[{"embeddable":true,"href":"https:\/\/www.prwrestling.com\/nw\/wp-json\/wp\/v2\/users\/1"}],"replies":[{"embeddable":true,"href":"https:\/\/www.prwrestling.com\/nw\/wp-json\/wp\/v2\/comments?post=129081"}],"version-history":[{"count":0,"href":"https:\/\/www.prwrestling.com\/nw\/wp-json\/wp\/v2\/posts\/129081\/revisions"}],"wp:featuredmedia":[{"embeddable":true,"href":"https:\/\/www.prwrestling.com\/nw\/wp-json\/wp\/v2\/media\/126791"}],"wp:attachment":[{"href":"https:\/\/www.prwrestling.com\/nw\/wp-json\/wp\/v2\/media?parent=129081"}],"wp:term":[{"taxonomy":"category","embeddable":true,"href":"https:\/\/www.prwrestling.com\/nw\/wp-json\/wp\/v2\/categories?post=129081"},{"taxonomy":"post_tag","embeddable":true,"href":"https:\/\/www.prwrestling.com\/nw\/wp-json\/wp\/v2\/tags?post=129081"}],"curies":[{"name":"wp","href":"https:\/\/api.w.org\/{rel}","templated":true}]}}