{"id":129111,"date":"2020-12-23T08:42:17","date_gmt":"2020-12-23T13:42:17","guid":{"rendered":"https:\/\/www.prwrestling.com\/nw\/?p=129111"},"modified":"2020-12-23T08:42:17","modified_gmt":"2020-12-23T13:42:17","slug":"video-omega-y-callis-aparecen-de-nuevo-en-impact-wrestling","status":"publish","type":"post","link":"https:\/\/www.prwrestling.com\/nw\/video-omega-y-callis-aparecen-de-nuevo-en-impact-wrestling\/","title":{"rendered":"Video: Omega y Callis aparecen de nuevo en Impact Wrestling"},"content":{"rendered":"<p>El campe\u00f3n mundial de AEW, Kenny Omega, apareci\u00f3 con el vicepresidente ejecutivo de Impact Wrestling, Don Callis, durante el episodio de Impact de anoche, por tercera semana consecutiva.<!--more--><div id=\"ad-slot\" style=\"min-width: 300px; min-height: 250px;\">\r\n<p style=\"text-align: center;\">\r\n<script async src=\"https:\/\/pagead2.googlesyndication.com\/pagead\/js\/adsbygoogle.js\"><\/script>\r\n<!-- 300x250 sc a -->\r\n<ins class=\"adsbygoogle\"\r\n     style=\"display:inline-block;width:300px;height:250px\"\r\n     data-ad-client=\"ca-pub-1244235910658811\"\r\n     data-ad-slot=\"8592682546\"><\/ins>\r\n<script>\r\n     (adsbygoogle = window.adsbygoogle || []).push({});\r\n<\/script><\/center>\r\n<\/p><\/div><br \/>\nEl segmento de esta semana present\u00f3 a Callis y Omega en una sesi\u00f3n de fotos con Callis recordando c\u00f3mo un Omega, a los 11 a\u00f1os, le dijo que quer\u00eda correr lucha libre profesional alg\u00fan d\u00eda. <\/p>\n<p>Callis tambi\u00e9n dijo que si m\u00e1s ni\u00f1os fueran como Omega, entonces tal vez \u00e9l habr\u00eda tenido hijos. Omega agreg\u00f3 que a menudo lo imitan pero nunca lo duplican, y Callis les dese\u00f3 a todos felices fiestas para terminar el segmento.<br \/>\n<div id=\"ad-slot\" style=\"min-width: 300px; min-height: 250px;\"><p style=\"text-align: center;\">\r\n<script async src=\"https:\/\/pagead2.googlesyndication.com\/pagead\/js\/adsbygoogle.js\"><\/script>\r\n<!-- Responsive sc c -->\r\n<ins class=\"adsbygoogle\"\r\n     style=\"display:block\"\r\n     data-ad-client=\"ca-pub-1244235910658811\"\r\n     data-ad-slot=\"4234005358\"\r\n     data-ad-format=\"auto\"\r\n     data-full-width-responsive=\"true\"><\/ins>\r\n<script>\r\n     (adsbygoogle = window.adsbygoogle || []).push({});\r\n<\/script><\/p><\/div><br \/>\nPuedes verlo a continuaci\u00f3n:<br \/>\n<iframe loading=\"lazy\" width=\"696\" height=\"392\" src=\"https:\/\/www.youtube.com\/embed\/XgAHstxBj2Q\" frameborder=\"0\" allow=\"accelerometer; autoplay; clipboard-write; encrypted-media; gyroscope; picture-in-picture\" allowfullscreen><\/iframe><\/p>\n","protected":false},"excerpt":{"rendered":"<p>El campe\u00f3n mundial de AEW, Kenny Omega, apareci\u00f3 con el vicepresidente ejecutivo de Impact Wrestling, Don Callis, durante el episodio de Impact de anoche, por tercera semana consecutiva.<\/p>\n","protected":false},"author":1,"featured_media":111104,"comment_status":"open","ping_status":"closed","sticky":false,"template":"","format":"standard","meta":{"footnotes":""},"categories":[5],"tags":[1524],"class_list":{"0":"post-129111","1":"post","2":"type-post","3":"status-publish","4":"format-standard","5":"has-post-thumbnail","7":"category-noticias","8":"tag-impact-wrestling"},"_links":{"self":[{"href":"https:\/\/www.prwrestling.com\/nw\/wp-json\/wp\/v2\/posts\/129111","targetHints":{"allow":["GET"]}}],"collection":[{"href":"https:\/\/www.prwrestling.com\/nw\/wp-json\/wp\/v2\/posts"}],"about":[{"href":"https:\/\/www.prwrestling.com\/nw\/wp-json\/wp\/v2\/types\/post"}],"author":[{"embeddable":true,"href":"https:\/\/www.prwrestling.com\/nw\/wp-json\/wp\/v2\/users\/1"}],"replies":[{"embeddable":true,"href":"https:\/\/www.prwrestling.com\/nw\/wp-json\/wp\/v2\/comments?post=129111"}],"version-history":[{"count":1,"href":"https:\/\/www.prwrestling.com\/nw\/wp-json\/wp\/v2\/posts\/129111\/revisions"}],"predecessor-version":[{"id":129112,"href":"https:\/\/www.prwrestling.com\/nw\/wp-json\/wp\/v2\/posts\/129111\/revisions\/129112"}],"wp:featuredmedia":[{"embeddable":true,"href":"https:\/\/www.prwrestling.com\/nw\/wp-json\/wp\/v2\/media\/111104"}],"wp:attachment":[{"href":"https:\/\/www.prwrestling.com\/nw\/wp-json\/wp\/v2\/media?parent=129111"}],"wp:term":[{"taxonomy":"category","embeddable":true,"href":"https:\/\/www.prwrestling.com\/nw\/wp-json\/wp\/v2\/categories?post=129111"},{"taxonomy":"post_tag","embeddable":true,"href":"https:\/\/www.prwrestling.com\/nw\/wp-json\/wp\/v2\/tags?post=129111"}],"curies":[{"name":"wp","href":"https:\/\/api.w.org\/{rel}","templated":true}]}}