{"id":129118,"date":"2020-12-23T14:47:45","date_gmt":"2020-12-23T19:47:45","guid":{"rendered":"https:\/\/www.prwrestling.com\/nw\/?p=129118"},"modified":"2020-12-23T14:47:45","modified_gmt":"2020-12-23T19:47:45","slug":"alegan-warrior-le-tenia-miedo-a-andre","status":"publish","type":"post","link":"https:\/\/www.prwrestling.com\/nw\/alegan-warrior-le-tenia-miedo-a-andre\/","title":{"rendered":"Alegan Warrior le ten\u00eda miedo a Andre"},"content":{"rendered":"<p>Inside SKoop habl\u00f3 recientemente con Jacques Rougeau, quien fue The Mountie en WWE. <!--more--><div id=\"ad-slot\" style=\"min-width: 300px; min-height: 250px;\">\r\n<p style=\"text-align: center;\">\r\n<script async src=\"https:\/\/pagead2.googlesyndication.com\/pagead\/js\/adsbygoogle.js\"><\/script>\r\n<!-- 300x250 sc a -->\r\n<ins class=\"adsbygoogle\"\r\n     style=\"display:inline-block;width:300px;height:250px\"\r\n     data-ad-client=\"ca-pub-1244235910658811\"\r\n     data-ad-slot=\"8592682546\"><\/ins>\r\n<script>\r\n     (adsbygoogle = window.adsbygoogle || []).push({});\r\n<\/script><\/center>\r\n<\/p><\/div><br \/>\nRougeau vio c\u00f3mo era la din\u00e1mica con Andre the Giant y Ultimate Warrior cuando compartieron camerino en al WWF y habl\u00f3 sobre esos d\u00edas.<\/p>\n<p>\u201cS\u00ed, Andre ten\u00eda mucha molestia con Ultimate Warrior. Ultimate Warrior molestaba a mucha gente. Ultimate Warrior era un tipo con el que era dif\u00edcil trabajar en el ring y ten\u00eda una actitud como si fuera una de las cosas m\u00e1s importantes en el negocio cuando lleg\u00f3 &#8220;.<\/p>\n<p>\u201cEstuve all\u00ed en esos d\u00edas y lo recuerdo, pero nunca jam\u00e1s Ultimate Warrior se puso frente a Andre para intentar [de pelear]. De hecho, creo que Ultimate Warrior ten\u00eda mucho miedo de que Andre le hiciera una movida,&#8221; dijo.<\/p>\n","protected":false},"excerpt":{"rendered":"<p>Inside SKoop habl\u00f3 recientemente con Jacques Rougeau, quien fue The Mountie en WWE.<\/p>\n","protected":false},"author":1,"featured_media":129119,"comment_status":"open","ping_status":"closed","sticky":false,"template":"","format":"standard","meta":{"footnotes":""},"categories":[5,38],"tags":[],"class_list":{"0":"post-129118","1":"post","2":"type-post","3":"status-publish","4":"format-standard","5":"has-post-thumbnail","7":"category-noticias","8":"category-noticias-y-rumores-de-la-wwe"},"_links":{"self":[{"href":"https:\/\/www.prwrestling.com\/nw\/wp-json\/wp\/v2\/posts\/129118","targetHints":{"allow":["GET"]}}],"collection":[{"href":"https:\/\/www.prwrestling.com\/nw\/wp-json\/wp\/v2\/posts"}],"about":[{"href":"https:\/\/www.prwrestling.com\/nw\/wp-json\/wp\/v2\/types\/post"}],"author":[{"embeddable":true,"href":"https:\/\/www.prwrestling.com\/nw\/wp-json\/wp\/v2\/users\/1"}],"replies":[{"embeddable":true,"href":"https:\/\/www.prwrestling.com\/nw\/wp-json\/wp\/v2\/comments?post=129118"}],"version-history":[{"count":0,"href":"https:\/\/www.prwrestling.com\/nw\/wp-json\/wp\/v2\/posts\/129118\/revisions"}],"wp:featuredmedia":[{"embeddable":true,"href":"https:\/\/www.prwrestling.com\/nw\/wp-json\/wp\/v2\/media\/129119"}],"wp:attachment":[{"href":"https:\/\/www.prwrestling.com\/nw\/wp-json\/wp\/v2\/media?parent=129118"}],"wp:term":[{"taxonomy":"category","embeddable":true,"href":"https:\/\/www.prwrestling.com\/nw\/wp-json\/wp\/v2\/categories?post=129118"},{"taxonomy":"post_tag","embeddable":true,"href":"https:\/\/www.prwrestling.com\/nw\/wp-json\/wp\/v2\/tags?post=129118"}],"curies":[{"name":"wp","href":"https:\/\/api.w.org\/{rel}","templated":true}]}}